{"id":67,"date":"2005-04-04T13:24:26","date_gmt":"2005-04-04T12:24:26","guid":{"rendered":"http:\/\/xarxaomnia.gencat.cat\/blocs\/activitatsomnia\/2005\/04\/04\/la-bitacola-de-xarxa-omnia-per-a-la-diada-de-sant-jordi-2005\/"},"modified":"2009-03-09T10:19:10","modified_gmt":"2009-03-09T09:19:10","slug":"la-bitacola-de-xarxa-omnia-per-a-la-diada-de-sant-jordi-2005","status":"publish","type":"post","link":"https:\/\/bloc.xarxa-omnia.org\/activitatsomnia\/2005\/04\/04\/la-bitacola-de-xarxa-omnia-per-a-la-diada-de-sant-jordi-2005\/","title":{"rendered":"La bit\u00e0cola de Xarxa \u00d2mnia per a la Diada de Sant Jordi 2005"},"content":{"rendered":"<p><img decoding=\"async\" src=\"http:\/\/xarxaomnia.gencat.cat\/blocs\/activitatsomnia\/files\/2009\/03\/santjordi05.png\" alt=\"stjordi05\" \/><\/p>\n<p>La bit\u00e0cola de Sant Jordi 2005 de la <a href=\"http:\/\/www.xarxa.omnia.org\/\">Xarxa    \u00d2mnia<\/a>, un espai per a recollir les diferents activitats creatives    dels usuaris dels Punts \u00d2mnia.<\/p>\n<p><!--more-->Les aportacions dels participants d&#8217;aquesta activitat es concreten en diferents tem\u00e0tiques:<img loading=\"lazy\" decoding=\"async\" src=\"http:\/\/xarxaomnia.gencat.cat\/blocs\/santjordi05\/files\/jordi_senyera.gif\" alt=\"jordi_senyera.gif\" align=\"left\" border=\"0\" height=\"83\" width=\"83\" \/><strong>Actes    de la diada de Sant Jordi arreu de Catalunya<\/strong><\/p>\n<p>Com celebrem Sant Jordi a les diferents comarques de Catalunya?<br \/>\nEn aquesta secci\u00f3 heu d\u2019afegir l\u2019agenda d\u2019actes m\u00e9s representatius de la diada    de Sant Jordi a les vostres localitats.<\/p>\n<p><img loading=\"lazy\" decoding=\"async\" src=\"http:\/\/xarxaomnia.gencat.cat\/blocs\/santjordi05\/files\/rosa_llibre.jpg\" alt=\"rosa_llibre.jpg\" align=\"left\" border=\"0\" height=\"82\" width=\"82\" \/><strong>Poesia <\/strong><\/p>\n<p>En aquesta secci\u00f3 es publicar\u00e0n les creacions po\u00e8tiques dels    usuaris dels punts \u00d2mnia.<br \/>\nParticipeu i penjeu les vostres obres.<\/p>\n<p><img loading=\"lazy\" decoding=\"async\" src=\"http:\/\/xarxaomnia.gencat.cat\/blocs\/santjordi05\/files\/escribir.jpg\" alt=\"escribir.jpg\" align=\"left\" border=\"0\" height=\"83\" width=\"83\" \/><strong>    Prosa<\/strong><\/p>\n<p>Totes les vostres creacions liter\u00e0ries que no siguin poesies anir\u00e0n dins d\u2019aquesta secci\u00f3, aix\u00ed que si no teniu habilitat amb les rimes podeu participar en aquesta secci\u00f3 publicant les vostres obres en prosa.<\/p>\n<p><img loading=\"lazy\" decoding=\"async\" src=\"http:\/\/xarxaomnia.gencat.cat\/blocs\/santjordi05\/files\/sant_jordi.jpg\" alt=\"sant_jordi.jpg\" align=\"left\" border=\"0\" height=\"81\" width=\"81\" \/><strong>    Imatge<\/strong><\/p>\n<p>Aquesta secci\u00f3 \u00e9s per a tots aquells als que no us agrada escriure. Podeu participar en la bit\u00e0cola de la Xarxa \u00d2mnia per la diada de Sant Jordi publicant els vostres montatges d\u2019imatge dins d\u2019aquesta secci\u00f3.<\/p>\n<p>Actualment l&#8217;activitat est\u00e0 tancada a la participaci\u00f3, ja que era una bit\u00e0cola pel Sant Jordi de 2005 per\u00f2 \u00e9s una font d&#8217;informaci\u00f3 i alhora d&#8217;inspiraci\u00f3 en tant mostra l&#8217;activitat que es pot arribar a tenir una bit\u00e0cola com aquesta.<\/p>\n<p>Lloc web: <a href=\"http:\/\/xarxaomnia.gencat.cat\/blocs\/santjordi05\">http:\/\/xarxaomnia.gencat.cat\/blocs\/santjordi05<\/a><\/p>\n","protected":false},"excerpt":{"rendered":"<p>La bit\u00e0cola de Sant Jordi 2005 de la Xarxa \u00d2mnia, un espai per a recollir les diferents activitats creatives dels usuaris dels Punts \u00d2mnia.<\/p>\n","protected":false},"author":61,"featured_media":0,"comment_status":"open","ping_status":"open","sticky":false,"template":"","format":"standard","meta":{"ngg_post_thumbnail":0,"footnotes":""},"categories":[328,330,234,333,334,336,339],"tags":[191,326,189,50,13,230,212],"class_list":["post-67","post","type-post","status-publish","format-standard","hentry","category-adults","category-animacio-i-temps-lliure","category-formacio","category-gent-gran","category-infancia","category-joventud","category-us-comunitari","tag-bloc","tag-catalunya","tag-imatge","tag-llibres","tag-poesia","tag-sant-jordi","tag-tradicions"],"_links":{"self":[{"href":"https:\/\/bloc.xarxa-omnia.org\/activitatsomnia\/wp-json\/wp\/v2\/posts\/67","targetHints":{"allow":["GET"]}}],"collection":[{"href":"https:\/\/bloc.xarxa-omnia.org\/activitatsomnia\/wp-json\/wp\/v2\/posts"}],"about":[{"href":"https:\/\/bloc.xarxa-omnia.org\/activitatsomnia\/wp-json\/wp\/v2\/types\/post"}],"author":[{"embeddable":true,"href":"https:\/\/bloc.xarxa-omnia.org\/activitatsomnia\/wp-json\/wp\/v2\/users\/61"}],"replies":[{"embeddable":true,"href":"https:\/\/bloc.xarxa-omnia.org\/activitatsomnia\/wp-json\/wp\/v2\/comments?post=67"}],"version-history":[{"count":0,"href":"https:\/\/bloc.xarxa-omnia.org\/activitatsomnia\/wp-json\/wp\/v2\/posts\/67\/revisions"}],"wp:attachment":[{"href":"https:\/\/bloc.xarxa-omnia.org\/activitatsomnia\/wp-json\/wp\/v2\/media?parent=67"}],"wp:term":[{"taxonomy":"category","embeddable":true,"href":"https:\/\/bloc.xarxa-omnia.org\/activitatsomnia\/wp-json\/wp\/v2\/categories?post=67"},{"taxonomy":"post_tag","embeddable":true,"href":"https:\/\/bloc.xarxa-omnia.org\/activitatsomnia\/wp-json\/wp\/v2\/tags?post=67"}],"curies":[{"name":"wp","href":"https:\/\/api.w.org\/{rel}","templated":true}]}}