{"id":28,"date":"2014-12-16T11:02:00","date_gmt":"2014-12-16T11:02:00","guid":{"rendered":"http:\/\/xarxaomnia.gencat.cat\/blocs\/amposta\/2014\/12\/16\/cursa-i-marxa-solidaria-a-favor-de-la-marato-de-tv3\/"},"modified":"2014-12-16T11:02:00","modified_gmt":"2014-12-16T11:02:00","slug":"cursa-i-marxa-solidaria-a-favor-de-la-marato-de-tv3","status":"publish","type":"post","link":"https:\/\/bloc.xarxa-omnia.org\/amposta\/2014\/12\/16\/cursa-i-marxa-solidaria-a-favor-de-la-marato-de-tv3\/","title":{"rendered":"Cursa i Marxa solid\u00e0ria a favor de La marat\u00f3 de TV3"},"content":{"rendered":"<div style=\"clear: both;text-align: center\"><a href=\"http:\/\/4.bp.blogspot.com\/-e365uNqJ8N8\/VJARQ2eY2DI\/AAAAAAAAAeo\/PI34bX-bXdA\/s1600\/20141214_093537.jpg\" style=\"margin-left: 1em;margin-right: 1em\"><img loading=\"lazy\" decoding=\"async\" border=\"0\" src=\"http:\/\/4.bp.blogspot.com\/-e365uNqJ8N8\/VJARQ2eY2DI\/AAAAAAAAAeo\/PI34bX-bXdA\/s1600\/20141214_093537.jpg\" height=\"180\" width=\"320\" \/><\/a><\/div>\n<div align=\"justify\" style=\"line-height: 100%;margin-bottom: 0cm\">El  passat diumenge dia 14 de desembre, el Punt \u00d2mnia Amposta va organitzar  una Cursa i Marxa solid\u00e0ria a favor de la Marat\u00f3 de TV3 per les  malalties cardiovasculars. Van participar 120 persones, i moltes altres  van fer la col\u00b7laboraci\u00f3 sense participar, gr\u00e0cies a les quals es va fer  una donaci\u00f3 a La Marat\u00f3 de TV3 de 592\u20ac.<\/div>\n<div align=\"justify\" style=\"line-height: 100%;margin-bottom: 0cm\">Va ser  una activitat on van participar persones de totes les edats, des de gent  gran fins a nens, persones que es dediquen a fer curses habitualment i  d&#8217;altres que nom\u00e9s van sortir a caminar pel fet de col\u00b7laborar, fins i  tot hi participaven fam\u00edlies senceres. Junts vam passar un mat\u00ed  agradable per una bona causa.<\/div>\n<div align=\"justify\" style=\"line-height: 100%;margin-bottom: 0cm\">Aquest  acte es va poder realitzar gr\u00e0cies a l&#8217;ajuda de voluntaris que van  col\u00b7laborar en l&#8217;organitzaci\u00f3 i a la col\u00b7laboraci\u00f3 d&#8217;entitats i empreses  del territori que van aportar el seu granet de sorra, a les quals es  vol agrair el seu esfor\u00e7: Fussmont, Ajuntament d&#8217;Amposta, Montbike,  Eroski, Ultrarunners, Esports Ferreres, Paleo Delta, Oti dsg i protecci\u00f3  civil.<\/div>\n","protected":false},"excerpt":{"rendered":"<p>El passat diumenge dia 14 de desembre, el Punt \u00d2mnia Amposta va organitzar una Cursa i Marxa solid\u00e0ria a favor de la Marat\u00f3 de TV3 per les malalties cardiovasculars. Van participar 120 persones, i moltes altres van fer la col\u00b7laboraci\u00f3&hellip; <\/p>\n","protected":false},"author":181,"featured_media":0,"comment_status":"open","ping_status":"open","sticky":false,"template":"","format":"standard","meta":{"footnotes":""},"categories":[25],"tags":[],"class_list":["post-28","post","type-post","status-publish","format-standard","hentry","category-general"],"_links":{"self":[{"href":"https:\/\/bloc.xarxa-omnia.org\/amposta\/wp-json\/wp\/v2\/posts\/28","targetHints":{"allow":["GET"]}}],"collection":[{"href":"https:\/\/bloc.xarxa-omnia.org\/amposta\/wp-json\/wp\/v2\/posts"}],"about":[{"href":"https:\/\/bloc.xarxa-omnia.org\/amposta\/wp-json\/wp\/v2\/types\/post"}],"author":[{"embeddable":true,"href":"https:\/\/bloc.xarxa-omnia.org\/amposta\/wp-json\/wp\/v2\/users\/181"}],"replies":[{"embeddable":true,"href":"https:\/\/bloc.xarxa-omnia.org\/amposta\/wp-json\/wp\/v2\/comments?post=28"}],"version-history":[{"count":0,"href":"https:\/\/bloc.xarxa-omnia.org\/amposta\/wp-json\/wp\/v2\/posts\/28\/revisions"}],"wp:attachment":[{"href":"https:\/\/bloc.xarxa-omnia.org\/amposta\/wp-json\/wp\/v2\/media?parent=28"}],"wp:term":[{"taxonomy":"category","embeddable":true,"href":"https:\/\/bloc.xarxa-omnia.org\/amposta\/wp-json\/wp\/v2\/categories?post=28"},{"taxonomy":"post_tag","embeddable":true,"href":"https:\/\/bloc.xarxa-omnia.org\/amposta\/wp-json\/wp\/v2\/tags?post=28"}],"curies":[{"name":"wp","href":"https:\/\/api.w.org\/{rel}","templated":true}]}}