{"id":29,"date":"2014-11-26T09:36:00","date_gmt":"2014-11-26T09:36:00","guid":{"rendered":"http:\/\/xarxaomnia.gencat.cat\/blocs\/amposta\/2014\/11\/26\/marxa-i-cursa-solidaria-a-favor-de-la-marato-de-tv3-per-les-malalties-cardiovasculars\/"},"modified":"2014-11-26T09:36:00","modified_gmt":"2014-11-26T09:36:00","slug":"marxa-i-cursa-solidaria-a-favor-de-la-marato-de-tv3-per-les-malalties-cardiovasculars","status":"publish","type":"post","link":"https:\/\/bloc.xarxa-omnia.org\/amposta\/2014\/11\/26\/marxa-i-cursa-solidaria-a-favor-de-la-marato-de-tv3-per-les-malalties-cardiovasculars\/","title":{"rendered":"Marxa i Cursa solid\u00e0ria a favor de la Marat\u00f3 de TV3 per les malalt\u00edes cardiovasculars"},"content":{"rendered":"<div style=\"clear: both;text-align: center\"><\/div>\n<div style=\"clear: both;text-align: center\"><\/div>\n<div style=\"clear: both;text-align: center\"><\/div>\n<div style=\"clear: both;text-align: center\"><\/div>\n<div style=\"clear: both;text-align: center\"><\/div>\n<div style=\"clear: both;text-align: center\"><\/div>\n<div style=\"clear: both;text-align: center\"><\/div>\n<div style=\"clear: both;text-align: center\"><\/div>\n<div style=\"clear: both;text-align: center\"><\/div>\n<div style=\"clear: both;text-align: center\"><\/div>\n<div style=\"clear: both;text-align: center\"><\/div>\n<div style=\"clear: both;text-align: center\"><a href=\"http:\/\/2.bp.blogspot.com\/-gTyCMEz3Np8\/VHWewB2qZsI\/AAAAAAAAAeY\/oZoJu4SFokY\/s1600\/cartell%2Bla%2Bmarato%2Bde%2Btv3.jpg\" style=\"margin-left: 1em;margin-right: 1em\"><img loading=\"lazy\" decoding=\"async\" border=\"0\" src=\"http:\/\/2.bp.blogspot.com\/-gTyCMEz3Np8\/VHWewB2qZsI\/AAAAAAAAAeY\/oZoJu4SFokY\/s1600\/cartell%2Bla%2Bmarato%2Bde%2Btv3.jpg\" height=\"320\" width=\"227\" \/><\/a><\/div>\n<p>El punt \u00d2mnia Amposta organitza una Cursa i Marxa solid\u00e0ria a favor de la Marat\u00f3 de TV3 per les malalt\u00edes cardiovasculars.<\/p>\n","protected":false},"excerpt":{"rendered":"<p>El punt \u00d2mnia Amposta organitza una Cursa i Marxa solid\u00e0ria a favor de la Marat\u00f3 de TV3 per les malalt\u00edes cardiovasculars.<\/p>\n","protected":false},"author":181,"featured_media":0,"comment_status":"open","ping_status":"open","sticky":false,"template":"","format":"standard","meta":{"footnotes":""},"categories":[25],"tags":[],"class_list":["post-29","post","type-post","status-publish","format-standard","hentry","category-general"],"_links":{"self":[{"href":"https:\/\/bloc.xarxa-omnia.org\/amposta\/wp-json\/wp\/v2\/posts\/29","targetHints":{"allow":["GET"]}}],"collection":[{"href":"https:\/\/bloc.xarxa-omnia.org\/amposta\/wp-json\/wp\/v2\/posts"}],"about":[{"href":"https:\/\/bloc.xarxa-omnia.org\/amposta\/wp-json\/wp\/v2\/types\/post"}],"author":[{"embeddable":true,"href":"https:\/\/bloc.xarxa-omnia.org\/amposta\/wp-json\/wp\/v2\/users\/181"}],"replies":[{"embeddable":true,"href":"https:\/\/bloc.xarxa-omnia.org\/amposta\/wp-json\/wp\/v2\/comments?post=29"}],"version-history":[{"count":0,"href":"https:\/\/bloc.xarxa-omnia.org\/amposta\/wp-json\/wp\/v2\/posts\/29\/revisions"}],"wp:attachment":[{"href":"https:\/\/bloc.xarxa-omnia.org\/amposta\/wp-json\/wp\/v2\/media?parent=29"}],"wp:term":[{"taxonomy":"category","embeddable":true,"href":"https:\/\/bloc.xarxa-omnia.org\/amposta\/wp-json\/wp\/v2\/categories?post=29"},{"taxonomy":"post_tag","embeddable":true,"href":"https:\/\/bloc.xarxa-omnia.org\/amposta\/wp-json\/wp\/v2\/tags?post=29"}],"curies":[{"name":"wp","href":"https:\/\/api.w.org\/{rel}","templated":true}]}}