{"id":42,"date":"2014-02-19T09:10:00","date_gmt":"2014-02-19T09:10:00","guid":{"rendered":"http:\/\/xarxaomnia.gencat.cat\/blocs\/amposta\/2014\/02\/19\/el-punt-omnia-amposta-amb-el-pacte-de-lluita-contra-la-pobresa-a-catalunya\/"},"modified":"2014-02-19T09:10:00","modified_gmt":"2014-02-19T09:10:00","slug":"el-punt-omnia-amposta-amb-el-pacte-de-lluita-contra-la-pobresa-a-catalunya","status":"publish","type":"post","link":"https:\/\/bloc.xarxa-omnia.org\/amposta\/2014\/02\/19\/el-punt-omnia-amposta-amb-el-pacte-de-lluita-contra-la-pobresa-a-catalunya\/","title":{"rendered":"El Punt \u00d2mnia Amposta amb el Pacte de lluita contra la pobresa a Catalunya"},"content":{"rendered":"<div style=\"line-height: 150%;text-align: justify\"><b><span style=\"font-family: Verdana;font-size: 10.0pt;line-height: 150%\"><br \/><\/span><\/b><\/div>\n<div style=\"line-height: 150%;text-align: justify\"><\/div>\n<div style=\"line-height: 150%;text-align: justify\"><\/div>\n<div style=\"line-height: 150%;text-align: justify\"><span style=\"font-family: Verdana;font-size: 10.0pt;line-height: 150%\">El context social actual, amb la crisi econ\u00f2mica i social que estem vivint ha posat de&nbsp; manifest la pobresa i les situacions d<\/span><span>\u2019<\/span><span style=\"font-family: Verdana;font-size: 10.0pt;line-height: 150%\">exclusi\u00f3 que viuen moltes persones. Per tant des del Govern calen&nbsp; mesures de resposta immediata. Es per aquest motiu que el Govern de la Generalitat vol impulsar <b>el Pacte per la lluita contra la pobresa a Catalunya,<\/b> el qual ha de dissenyar estrat\u00e8gies que previnguin el risc d\u2019exclusi\u00f3 social, establir mecanismes d\u2019intervenci\u00f3 i fixar com a finalitat reduir al m\u00e0xim la pobresa a Catalunya. <\/span><\/div>\n<div style=\"line-height: 150%;text-align: justify\"><\/div>\n<div style=\"line-height: 150%;text-align: justify\"><span style=\"font-family: Verdana;font-size: 10.0pt;line-height: 150%\">En aquest sentit la Xarxa \u00d2mnia, <span style=\"background-color: #fffeff\">programa preventiu, socioeducatiu, de promoci\u00f3 individual i de suport a col\u00b7lectius amb major risc de vulnerabilitat, pret\u00e9n que utilitzant com a instrument les eines<span>&nbsp;<\/span><acronym><span style=\"border: 1pt none windowtext;padding: 0cm\">TIC<\/span><\/acronym>, es puguin millorar i afavorir, tant individual com col\u00b7lectivament, la inclusi\u00f3 social i la vinculaci\u00f3 de les persones a la comunitat. Es dissenyen estrat\u00e8gies de lluita contra la pobresa a partir d\u2019activitats d\u2019inserci\u00f3 laboral, formaci\u00f3, vinculaci\u00f3 a la comunitat i inserci\u00f3 social de nens i joves. &nbsp;<\/span><\/span><\/div>\n<div style=\"line-height: 150%;text-align: justify\"><\/div>\n<div style=\"line-height: 150%;text-align: justify\"><span style=\"background-color: #fffeff;font-family: Verdana;font-size: 10pt;line-height: 150%\">Al Punt \u00d2mnia Amposta s\u2019est\u00e0 treballant en aquest marc de lluita contra la pobresa, oferint a la poblaci\u00f3 activitats d\u2019orientaci\u00f3 i inserci\u00f3 laboral, activitats formatives en TIC per evitar l\u2019escletxa digital que es posa de manifest en aquests temps i activitats d\u2019inserci\u00f3 social dels nens i joves del territori amb m\u00e9s risc d\u2019exclusi\u00f3 social. <\/span><\/div>\n<div style=\"line-height: 150%;text-align: justify\"><\/div>\n<div style=\"line-height: 150%;text-align: justify\"><span style=\"background-color: #fffeff;font-family: Verdana;font-size: 10pt;line-height: 150%\">Totes les activitats van&nbsp; adre\u00e7ades a la poblaci\u00f3 en&nbsp; general, per\u00f2 amb discriminaci\u00f3 positiva vers les persones en risc de pobresa i m\u00e9s si precisen millorar les seves capacitats per a superar les seves dificultats d\u2019acc\u00e9s a les tecnologies de la informaci\u00f3, per tal d\u2019evitar la seva exclusi\u00f3 de la comunitat. A m\u00e9s es signa un protocol de derivaci\u00f3 amb el SOC per tal de donar acc\u00e9s prioritari a les activitats a totes aquelles persones que m\u00e9s ho necessitin. <\/span><\/div>\n<p><\/p>\n<div style=\"line-height: 150%;text-align: justify\"><\/div>\n","protected":false},"excerpt":{"rendered":"<p>El context social actual, amb la crisi econ\u00f2mica i social que estem vivint ha posat de&nbsp; manifest la pobresa i les situacions d\u2019exclusi\u00f3 que viuen moltes persones. Per tant des del Govern calen&nbsp; mesures de resposta immediata. Es per aquest&hellip; <\/p>\n","protected":false},"author":181,"featured_media":0,"comment_status":"open","ping_status":"open","sticky":false,"template":"","format":"standard","meta":{"footnotes":""},"categories":[25],"tags":[],"class_list":["post-42","post","type-post","status-publish","format-standard","hentry","category-general"],"_links":{"self":[{"href":"https:\/\/bloc.xarxa-omnia.org\/amposta\/wp-json\/wp\/v2\/posts\/42","targetHints":{"allow":["GET"]}}],"collection":[{"href":"https:\/\/bloc.xarxa-omnia.org\/amposta\/wp-json\/wp\/v2\/posts"}],"about":[{"href":"https:\/\/bloc.xarxa-omnia.org\/amposta\/wp-json\/wp\/v2\/types\/post"}],"author":[{"embeddable":true,"href":"https:\/\/bloc.xarxa-omnia.org\/amposta\/wp-json\/wp\/v2\/users\/181"}],"replies":[{"embeddable":true,"href":"https:\/\/bloc.xarxa-omnia.org\/amposta\/wp-json\/wp\/v2\/comments?post=42"}],"version-history":[{"count":0,"href":"https:\/\/bloc.xarxa-omnia.org\/amposta\/wp-json\/wp\/v2\/posts\/42\/revisions"}],"wp:attachment":[{"href":"https:\/\/bloc.xarxa-omnia.org\/amposta\/wp-json\/wp\/v2\/media?parent=42"}],"wp:term":[{"taxonomy":"category","embeddable":true,"href":"https:\/\/bloc.xarxa-omnia.org\/amposta\/wp-json\/wp\/v2\/categories?post=42"},{"taxonomy":"post_tag","embeddable":true,"href":"https:\/\/bloc.xarxa-omnia.org\/amposta\/wp-json\/wp\/v2\/tags?post=42"}],"curies":[{"name":"wp","href":"https:\/\/api.w.org\/{rel}","templated":true}]}}