{"id":75,"date":"2012-08-07T11:25:00","date_gmt":"2012-08-07T11:25:00","guid":{"rendered":"http:\/\/xarxaomnia.gencat.cat\/blocs\/amposta\/2012\/08\/07\/vacances-al-punt-omnia\/"},"modified":"2012-08-07T11:25:00","modified_gmt":"2012-08-07T11:25:00","slug":"vacances-al-punt-omnia","status":"publish","type":"post","link":"https:\/\/bloc.xarxa-omnia.org\/amposta\/2012\/08\/07\/vacances-al-punt-omnia\/","title":{"rendered":"Vacances al Punt \u00d2mnia:"},"content":{"rendered":"<p><\/p>\n<div style=\"clear: both;text-align: center\"><a href=\"http:\/\/1.bp.blogspot.com\/-QnliEyGwxPY\/UCD63ZkcVeI\/AAAAAAAAAFg\/cYLhxX0zt4E\/s1600\/vacances.jpg\" style=\"margin-left: 1em;margin-right: 1em\"><img loading=\"lazy\" decoding=\"async\" border=\"0\" height=\"239\" src=\"http:\/\/1.bp.blogspot.com\/-QnliEyGwxPY\/UCD63ZkcVeI\/AAAAAAAAAFg\/cYLhxX0zt4E\/s320\/vacances.jpg\" width=\"320\" \/><\/a><\/div>\n<p>  <span style=\"font-family: Arial,Helvetica,sans-serif\">El punt \u00d2mnia Amposta estar\u00e0 tancat per vacances del 13 al 27 d&#8217;agost.  Arribat aquest punt, en el que han acabat la majoria de cursos i tallers  realitzats i ens estem acomiadant per marxar de vacances, nom\u00e9s volem  donar les gr\u00e0cies a totes les persones que han confiat amb nosaltres, ja  que \u00e9s gr\u00e0cies a aix\u00f2, que seguirem treballant amb ganes i il\u00b7lusi\u00f3.<\/span><\/p>\n<div style=\"font-family: Arial,Helvetica,sans-serif\"><\/div>\n<div style=\"font-family: Arial,Helvetica,sans-serif\"> I recorda que&nbsp; tornem el 28 d&#8217;agost amb les piles carregades per  engegar&nbsp; nous cursos i tot tipus d&#8217;activitats per compartir amb tots  vosaltres!<\/div>\n<div style=\"font-family: Arial,Helvetica,sans-serif\"><\/div>\n<div style=\"font-family: Arial,Helvetica,sans-serif\">A partir d&#8217;aquesta setmana&nbsp; ja tenim la nova programaci\u00f3 de cursos i  activitats per al proper semestre (setembre-desembre), apropa&#8217;t i demana  informaci\u00f3.<\/div>\n","protected":false},"excerpt":{"rendered":"<p>El punt \u00d2mnia Amposta estar\u00e0 tancat per vacances del 13 al 27 d&#8217;agost. Arribat aquest punt, en el que han acabat la majoria de cursos i tallers realitzats i ens estem acomiadant per marxar de vacances, nom\u00e9s volem donar les&hellip; <\/p>\n","protected":false},"author":181,"featured_media":0,"comment_status":"open","ping_status":"open","sticky":false,"template":"","format":"standard","meta":{"footnotes":""},"categories":[25],"tags":[],"class_list":["post-75","post","type-post","status-publish","format-standard","hentry","category-general"],"_links":{"self":[{"href":"https:\/\/bloc.xarxa-omnia.org\/amposta\/wp-json\/wp\/v2\/posts\/75","targetHints":{"allow":["GET"]}}],"collection":[{"href":"https:\/\/bloc.xarxa-omnia.org\/amposta\/wp-json\/wp\/v2\/posts"}],"about":[{"href":"https:\/\/bloc.xarxa-omnia.org\/amposta\/wp-json\/wp\/v2\/types\/post"}],"author":[{"embeddable":true,"href":"https:\/\/bloc.xarxa-omnia.org\/amposta\/wp-json\/wp\/v2\/users\/181"}],"replies":[{"embeddable":true,"href":"https:\/\/bloc.xarxa-omnia.org\/amposta\/wp-json\/wp\/v2\/comments?post=75"}],"version-history":[{"count":0,"href":"https:\/\/bloc.xarxa-omnia.org\/amposta\/wp-json\/wp\/v2\/posts\/75\/revisions"}],"wp:attachment":[{"href":"https:\/\/bloc.xarxa-omnia.org\/amposta\/wp-json\/wp\/v2\/media?parent=75"}],"wp:term":[{"taxonomy":"category","embeddable":true,"href":"https:\/\/bloc.xarxa-omnia.org\/amposta\/wp-json\/wp\/v2\/categories?post=75"},{"taxonomy":"post_tag","embeddable":true,"href":"https:\/\/bloc.xarxa-omnia.org\/amposta\/wp-json\/wp\/v2\/tags?post=75"}],"curies":[{"name":"wp","href":"https:\/\/api.w.org\/{rel}","templated":true}]}}