{"id":84,"date":"2012-06-07T15:32:00","date_gmt":"2012-06-07T15:32:00","guid":{"rendered":"http:\/\/xarxaomnia.gencat.cat\/blocs\/amposta\/2012\/06\/07\/el-punt-omnia-amposta-col%c2%b7labora-amb-la-tasca-de-la-residencia-davis-damposta\/"},"modified":"2012-06-07T15:32:00","modified_gmt":"2012-06-07T15:32:00","slug":"el-punt-omnia-amposta-col%c2%b7labora-amb-la-tasca-de-la-residencia-davis-damposta","status":"publish","type":"post","link":"https:\/\/bloc.xarxa-omnia.org\/amposta\/2012\/06\/07\/el-punt-omnia-amposta-col%c2%b7labora-amb-la-tasca-de-la-residencia-davis-damposta\/","title":{"rendered":"El Punt \u00d2mnia Amposta col\u00b7labora amb la tasca de la Resid\u00e8ncia d&#8217;Avis d&#8217;Amposta"},"content":{"rendered":"<div style=\"font-family: Arial,Helvetica,sans-serif;text-align: justify\"><\/div>\n<div style=\"font-family: Arial,Helvetica,sans-serif;text-align: justify\"><\/div>\n<div style=\"font-family: Arial,Helvetica,sans-serif;text-align: justify\">&nbsp;&nbsp;&nbsp;&nbsp;&nbsp;&nbsp;&nbsp;&nbsp;&nbsp;&nbsp;&nbsp;&nbsp;&nbsp;&nbsp;&nbsp;&nbsp;&nbsp;&nbsp;&nbsp;&nbsp;&nbsp;&nbsp;&nbsp;&nbsp;&nbsp;&nbsp;&nbsp;&nbsp;&nbsp;&nbsp;&nbsp;&nbsp;&nbsp;&nbsp;&nbsp;&nbsp;&nbsp;&nbsp;&nbsp;&nbsp;&nbsp;&nbsp;&nbsp; <a href=\"http:\/\/1.bp.blogspot.com\/-8TBGUQlBWDg\/T9DJcrFYbBI\/AAAAAAAAAEU\/5zdQxH1wbGs\/s1600\/residencia+d%27avis.jpg\" style=\"margin-left: 1em;margin-right: 1em\"><img decoding=\"async\" border=\"0\" src=\"http:\/\/1.bp.blogspot.com\/-8TBGUQlBWDg\/T9DJcrFYbBI\/AAAAAAAAAEU\/5zdQxH1wbGs\/s1600\/residencia+d%27avis.jpg\" \/><\/a><\/div>\n<div style=\"font-family: Arial,Helvetica,sans-serif;text-align: justify\"><\/div>\n<div style=\"font-family: Arial,Helvetica,sans-serif;text-align: justify\">Alguns dels usuaris de la Resid\u00e8ncia d&#8217;Avis d&#8217;Amposta assistiran un cop cada 15 dies al Punt \u00d2mnia per realitzar un taller d&#8217;Estimulaci\u00f3 Cognitiva. <\/div>\n<div style=\"font-family: Arial,Helvetica,sans-serif;text-align: justify\"><\/div>\n<div style=\"font-family: Arial,Helvetica,sans-serif;text-align: justify\">La resid\u00e8ncia d&#8217;Avis treballa per afavorir la integraci\u00f3 i la intervenci\u00f3 social social de la gent gran de la poblaci\u00f3. Des de la resid\u00e8ncia es realitzen activitats d&#8217;animaci\u00f3, fisioter\u00e0pia, psicomotricitat i estimulaci\u00f3, entre d&#8217;altres. <\/div>\n<div style=\"font-family: Arial,Helvetica,sans-serif;text-align: justify\"><\/div>\n<div style=\"text-align: justify\"><span style=\"font-family: Arial,Helvetica,sans-serif\">El taller que realitzaran els avis al Punt \u00d2mnia, te com a principals objectius apropar a aquest col\u00b7lectiu a les noves tecnologies afavorint aix\u00ed la seva integraci\u00f3 social i treballar l&#8217;estimulaci\u00f3 cognitiva mitjan\u00e7ant les TIC. <\/span><\/div>\n<div style=\"text-align: justify\"><\/div>\n<div style=\"clear: both;text-align: center\"><a href=\"http:\/\/1.bp.blogspot.com\/-8TBGUQlBWDg\/T9DJcrFYbBI\/AAAAAAAAAEU\/5zdQxH1wbGs\/s1600\/residencia+d%27avis.jpg\" style=\"margin-left: 1em;margin-right: 1em\"><br \/><\/a><\/div>\n<div style=\"text-align: justify\"><span style=\"font-family: Arial,Helvetica,sans-serif\">El passat dilluns dia 4, es va realitzar la primera sessi\u00f3, la qual va ser un primer contacte amb el punt, amb les TIC i amb la dinamitzadora, el qual va ser molt positiu i els avis van respondre molt b\u00e9 amb l&#8217;activitat que \u00e9s va realitzar. <\/span><\/div>\n","protected":false},"excerpt":{"rendered":"<p>&nbsp;&nbsp;&nbsp;&nbsp;&nbsp;&nbsp;&nbsp;&nbsp;&nbsp;&nbsp;&nbsp;&nbsp;&nbsp;&nbsp;&nbsp;&nbsp;&nbsp;&nbsp;&nbsp;&nbsp;&nbsp;&nbsp;&nbsp;&nbsp;&nbsp;&nbsp;&nbsp;&nbsp;&nbsp;&nbsp;&nbsp;&nbsp;&nbsp;&nbsp;&nbsp;&nbsp;&nbsp;&nbsp;&nbsp;&nbsp;&nbsp;&nbsp;&nbsp; Alguns dels usuaris de la Resid\u00e8ncia d&#8217;Avis d&#8217;Amposta assistiran un cop cada 15 dies al Punt \u00d2mnia per realitzar un taller d&#8217;Estimulaci\u00f3 Cognitiva. La resid\u00e8ncia d&#8217;Avis treballa per afavorir la integraci\u00f3 i la intervenci\u00f3 social social de la gent&hellip; <\/p>\n","protected":false},"author":181,"featured_media":0,"comment_status":"open","ping_status":"open","sticky":false,"template":"","format":"standard","meta":{"footnotes":""},"categories":[25],"tags":[],"class_list":["post-84","post","type-post","status-publish","format-standard","hentry","category-general"],"_links":{"self":[{"href":"https:\/\/bloc.xarxa-omnia.org\/amposta\/wp-json\/wp\/v2\/posts\/84","targetHints":{"allow":["GET"]}}],"collection":[{"href":"https:\/\/bloc.xarxa-omnia.org\/amposta\/wp-json\/wp\/v2\/posts"}],"about":[{"href":"https:\/\/bloc.xarxa-omnia.org\/amposta\/wp-json\/wp\/v2\/types\/post"}],"author":[{"embeddable":true,"href":"https:\/\/bloc.xarxa-omnia.org\/amposta\/wp-json\/wp\/v2\/users\/181"}],"replies":[{"embeddable":true,"href":"https:\/\/bloc.xarxa-omnia.org\/amposta\/wp-json\/wp\/v2\/comments?post=84"}],"version-history":[{"count":0,"href":"https:\/\/bloc.xarxa-omnia.org\/amposta\/wp-json\/wp\/v2\/posts\/84\/revisions"}],"wp:attachment":[{"href":"https:\/\/bloc.xarxa-omnia.org\/amposta\/wp-json\/wp\/v2\/media?parent=84"}],"wp:term":[{"taxonomy":"category","embeddable":true,"href":"https:\/\/bloc.xarxa-omnia.org\/amposta\/wp-json\/wp\/v2\/categories?post=84"},{"taxonomy":"post_tag","embeddable":true,"href":"https:\/\/bloc.xarxa-omnia.org\/amposta\/wp-json\/wp\/v2\/tags?post=84"}],"curies":[{"name":"wp","href":"https:\/\/api.w.org\/{rel}","templated":true}]}}