{"id":1,"date":"2016-06-14T10:11:27","date_gmt":"2016-06-14T10:11:27","guid":{"rendered":"http:\/\/xarxaomnia.gencat.cat\/blocs\/centcelles\/?p=1"},"modified":"2016-09-27T10:03:33","modified_gmt":"2016-09-27T10:03:33","slug":"hola-mon","status":"publish","type":"post","link":"https:\/\/bloc.xarxa-omnia.org\/centcelles\/2016\/06\/14\/hola-mon\/","title":{"rendered":"El Punt \u00d2mnia Centcelles de Constant\u00ed, a Tarragona, participa a la Fira Multisectorial Constant\u00ed 2016"},"content":{"rendered":"<p>El passat cap de setmana, del 6 al 8 de maig, l&#8217;Associaci\u00f3 de Ve\u00efns Centcelles i el <a href=\"http:\/\/xarxaomnia.gencat.cat\/node\/325\" target=\"_blank\">Punt \u00d2mnia Centcelles<\/a>\u00a0(entitat gestora FAVBIC) del municipi de Constant\u00ed, a Tarragona, van participar amb un estand propi a la Fira de Constant\u00ed.<\/p>\n<p>En altres edicions, el mateix Punt \u00d2mnia va participar a la fira amb un estand conjunt amb l\u2019Ajuntament de Constant\u00ed, en el qual s&#8217;hi van realitzar tallers pels m\u00e9s petits en col\u00b7laboraci\u00f3 amb el\u00a0Centre Obert de Constant\u00ed.<\/p>\n<p>Enguany, per\u00f2, el Punt \u00d2mnia Centcelles ha tingut pres\u00e8ncia compartida amb l&#8217;AAVV a la Fira de Constant\u00ed, en la qual s&#8217;hi han celebrat una pila d&#8217;activitats en aquesta petita mostra d&#8217;entitats, ind\u00fastria i comer\u00e7 local.<\/p>\n<p>Podeu llegir la not\u00edcia sencera que<a class=\"ext\" href=\"http:\/\/www.constanti.cat\/noticies\/new\/475\/la-fira-de-constanti-tanca-tres-dies-dintensa-activitat-i-ja-pensa-en-la-25a-edicio\" target=\"_blank\"> van publicar els mitjans de comunicaci\u00f3 del municipi clicant en aquest enlla\u00e7<\/a>. L&#8217;organitzaci\u00f3 del Punt \u00d2mnia ha volgut subratllar la tasca\u00a0que va realitzar la Sandra Garc\u00eda, monitora de suport del projecte de la FABVIC-SAI, ja que amb ella s&#8217;han pogut recuperar moltes activitats que l&#8217;Associaci\u00f3 de ve\u00efns de Centcelles fa anys que no feia.<\/p>\n<p>El Punt \u00d2mnia Centcelles tamb\u00e9 ha dit que properament es publicaran noves not\u00edcies\u00a0dels companys dels Punts \u00d2mnia de Ponent de Tarragona, amb motiu de la Firavida que es va celebrar el passat maig: tota una experi\u00e8ncia!<\/p>\n<p>\n<img loading=\"lazy\" decoding=\"async\" class=\"alignnone size-medium wp-image-92\" src=\"http:\/\/xarxaomnia.gencat.cat\/blocs\/centcelles\/files\/2016\/06\/1-1-300x169.jpg\" alt=\"\" width=\"300\" height=\"169\" srcset=\"https:\/\/bloc.xarxa-omnia.org\/centcelles\/files\/2016\/06\/1-1-300x169.jpg 300w, https:\/\/bloc.xarxa-omnia.org\/centcelles\/files\/2016\/06\/1-1-768x432.jpg 768w, https:\/\/bloc.xarxa-omnia.org\/centcelles\/files\/2016\/06\/1-1-1024x576.jpg 1024w, https:\/\/bloc.xarxa-omnia.org\/centcelles\/files\/2016\/06\/1-1.jpg 1600w\" sizes=\"auto, (max-width: 300px) 100vw, 300px\" \/><\/p>\n","protected":false},"excerpt":{"rendered":"<p>El passat cap de setmana, del 6 al 8 de maig, l&#8217;Associaci\u00f3 de Ve\u00efns Centcelles i el Punt \u00d2mnia Centcelles\u00a0(entitat gestora FAVBIC) del municipi de Constant\u00ed, a Tarragona, van participar amb un estand propi a la Fira de Constant\u00ed. En altres edicions, el mateix Punt \u00d2mnia va participar a la fira amb un estand conjunt [&hellip;]<\/p>\n","protected":false},"author":184,"featured_media":0,"comment_status":"open","ping_status":"open","sticky":false,"template":"","format":"standard","meta":{"footnotes":""},"categories":[347,22264],"tags":[],"class_list":{"0":"post-1","1":"post","2":"type-post","3":"status-publish","4":"format-standard","6":"category-blog","7":"category-fira-multisectorial-constanti","8":"czr-hentry"},"_links":{"self":[{"href":"https:\/\/bloc.xarxa-omnia.org\/centcelles\/wp-json\/wp\/v2\/posts\/1","targetHints":{"allow":["GET"]}}],"collection":[{"href":"https:\/\/bloc.xarxa-omnia.org\/centcelles\/wp-json\/wp\/v2\/posts"}],"about":[{"href":"https:\/\/bloc.xarxa-omnia.org\/centcelles\/wp-json\/wp\/v2\/types\/post"}],"author":[{"embeddable":true,"href":"https:\/\/bloc.xarxa-omnia.org\/centcelles\/wp-json\/wp\/v2\/users\/184"}],"replies":[{"embeddable":true,"href":"https:\/\/bloc.xarxa-omnia.org\/centcelles\/wp-json\/wp\/v2\/comments?post=1"}],"version-history":[{"count":5,"href":"https:\/\/bloc.xarxa-omnia.org\/centcelles\/wp-json\/wp\/v2\/posts\/1\/revisions"}],"predecessor-version":[{"id":95,"href":"https:\/\/bloc.xarxa-omnia.org\/centcelles\/wp-json\/wp\/v2\/posts\/1\/revisions\/95"}],"wp:attachment":[{"href":"https:\/\/bloc.xarxa-omnia.org\/centcelles\/wp-json\/wp\/v2\/media?parent=1"}],"wp:term":[{"taxonomy":"category","embeddable":true,"href":"https:\/\/bloc.xarxa-omnia.org\/centcelles\/wp-json\/wp\/v2\/categories?post=1"},{"taxonomy":"post_tag","embeddable":true,"href":"https:\/\/bloc.xarxa-omnia.org\/centcelles\/wp-json\/wp\/v2\/tags?post=1"}],"curies":[{"name":"wp","href":"https:\/\/api.w.org\/{rel}","templated":true}]}}