{"id":965,"date":"2013-11-26T21:18:43","date_gmt":"2013-11-26T19:18:43","guid":{"rendered":"http:\/\/blog.xarxa-omnia.org\/jornadesterritorials\/?p=965"},"modified":"2013-12-04T20:23:37","modified_gmt":"2013-12-04T18:23:37","slug":"la-coordinacio-amb-agents-del-territori-a-girona","status":"publish","type":"post","link":"https:\/\/bloc.xarxa-omnia.org\/jornadesterritorials\/2013\/11\/26\/la-coordinacio-amb-agents-del-territori-a-girona\/","title":{"rendered":"La coordinaci\u00f3 amb agents del territori, a Girona"},"content":{"rendered":"<p><a href=\"http:\/\/blog.xarxa-omnia.org\/jornadesterritorials\/files\/2013\/11\/IMG_2647.jpg\"><img loading=\"lazy\" decoding=\"async\" src=\"http:\/\/blog.xarxa-omnia.org\/jornadesterritorials\/files\/2013\/11\/IMG_2647-300x225.jpg\" alt=\"Jornada \u00d2mnia a Girona\" title=\"Jornada \u00d2mnia a Girona\" width=\"300\" height=\"225\" class=\"alignleft size-medium wp-image-1008\" srcset=\"https:\/\/bloc.xarxa-omnia.org\/jornadesterritorials\/files\/2013\/11\/IMG_2647-300x225.jpg 300w, https:\/\/bloc.xarxa-omnia.org\/jornadesterritorials\/files\/2013\/11\/IMG_2647.jpg 800w\" sizes=\"auto, (max-width: 300px) 100vw, 300px\" \/><\/a>El passat divendres, 22 de novembre, va tenir lloc la jornada \u00d2mnia al territori al Punt \u00d2mnia Plataforma Educativa \u2013 Font de la P\u00f3lvora de Girona.<br \/>\n<strong><br \/>\nMarta Jov\u00e9<\/strong>, Cap del servei de desenvolupament i cooperaci\u00f3 social a la direcci\u00f3 general d&#8217;acci\u00f3 c\u00edvica i comunit\u00e0ria, va donar la benvinguda tot remarcant l&#8217;adaptaci\u00f3 del Programa \u00d2mnia a les noves necessitats dels col\u00b7lectius m\u00e9s vulnerables, en especial pel que fa a la inserci\u00f3 sociolaboral.<br \/>\n<!--more--><br \/>\n<strong>Francesca Errico<\/strong>, t\u00e8cnica d&#8217;Insercoop, va introduir l&#8217;eix vertebrador de la jornada, la col\u00b7laboraci\u00f3 amb agents al territori, amb unes primeres reflexions per al debat: <\/p>\n<p><center><iframe loading=\"lazy\" src=\"http:\/\/www.slideshare.net\/slideshow\/embed_code\/28594046\" width=\"427\" height=\"356\" frameborder=\"0\" marginwidth=\"0\" marginheight=\"0\" scrolling=\"no\" style=\"border:1px solid #CCC;border-width:1px 1px 0;margin-bottom:5px\" allowfullscreen> <\/iframe> <\/p>\n<div style=\"margin-bottom:5px\"> <strong> <a href=\"https:\/\/www.slideshare.net\/omnia\/jornades-mnia-al-territori-eix\" title=\"Jornades \u00d2mnia al territori: Eix Cooperaci\u00f3 amb altres agents \" target=\"_blank\">Jornades \u00d2mnia al territori: Eix Cooperaci\u00f3 amb altres agents <\/a> <\/strong> from <strong><a href=\"http:\/\/www.slideshare.net\/omnia\" target=\"_blank\">Xarxa \u00d2mnia<\/a><\/strong> <\/div>\n<p><\/center><\/p>\n<p><strong>In\u00e9s Olondriz<\/strong>, dinamitzadora del Punt \u00d2mnia Centcelles, es va despla\u00e7ar des de Constant\u00ed, a Tarragona, per compartir la seva experi\u00e8ncia de col\u00b7laboraci\u00f3 entre serveis socials, \u00e0rea de joventut i Punt \u00d2mnia per fer suport a joves en proc\u00e9s de cerca de feina.<\/p>\n<p><center><iframe loading=\"lazy\" src=\"http:\/\/www.slideshare.net\/slideshow\/embed_code\/28593881\" width=\"427\" height=\"356\" frameborder=\"0\" marginwidth=\"0\" marginheight=\"0\" scrolling=\"no\" style=\"border:1px solid #CCC;border-width:1px 1px 0;margin-bottom:5px\" allowfullscreen> <\/iframe> <\/p>\n<div style=\"margin-bottom:5px\"> <strong> <a href=\"https:\/\/www.slideshare.net\/omnia\/inserci-social-de-joves-a-constant\" title=\"Curs per a joves en proc\u00e9s de cerca de feina a Constant\u00ed\" target=\"_blank\">Curs per a joves en proc\u00e9s de cerca de feina a Constant\u00ed<\/a> <\/strong> from <strong><a href=\"http:\/\/www.slideshare.net\/omnia\" target=\"_blank\">Xarxa \u00d2mnia<\/a><\/strong> <\/div>\n<p><\/center><\/p>\n<p><strong>Xavier Felip<\/strong> i <strong>Gl\u00f2ria Grassot<\/strong> van presentar conjuntament la seva experi\u00e8ncia de coordinaci\u00f3 entre el Punt \u00d2mnia Font de la P\u00f3lvora i l&#8217;Associaci\u00f3 AA.SS, per diferents edicions de cursos de formaci\u00f3 ocupacional.<br \/>\n<center><iframe loading=\"lazy\" src=\"http:\/\/www.slideshare.net\/slideshow\/embed_code\/28593945\" width=\"427\" height=\"356\" frameborder=\"0\" marginwidth=\"0\" marginheight=\"0\" scrolling=\"no\" style=\"border:1px solid #CCC;border-width:1px 1px 0;margin-bottom:5px\" allowfullscreen> <\/iframe> <\/p>\n<div style=\"margin-bottom:5px\"> <strong> <a href=\"https:\/\/www.slideshare.net\/omnia\/coordinaci-del-punt-mnia-plataforma-educativa-amb-aass\" title=\"Coordinaci\u00f3 del Punt \u00d2mnia Plataforma Educativa amb AASS\" target=\"_blank\">Coordinaci\u00f3 del Punt \u00d2mnia Plataforma Educativa amb AASS<\/a> <\/strong> from <strong><a href=\"http:\/\/www.slideshare.net\/omnia\" target=\"_blank\">Xarxa \u00d2mnia<\/a><\/strong> <\/div>\n<p><\/center><\/p>\n<p>La segona part de la jornada va estar dedicada al debat sobre dificultats i oportunitats del treball en xarxa amb agents del territori. Malgrat la situaci\u00f3 de crisi econ\u00f2mica i la import\u00e0ncia de consensuar el discurs entre els\/les diferents professionals o entitats, la potencialitat de la col\u00b7laboraci\u00f3 i la complementarietat dels serveis, ens empenyen a sumar esfor\u00e7os per treballar en coordinaci\u00f3 amb altres agents.<br \/>\n<center>Descarrega&#8217;t <a href=\"http:\/\/blog.xarxa-omnia.org\/jornadesterritorials\/files\/2013\/11\/Coordinaci\u00f3-amb-agents-del-territori-Girona-22_11_13.pdf\" title=\"Document de la din\u00e0mica per descarregar\" lang=\"ca\">aquest document en format pdf<\/a>.<\/center><\/p>\n<div class=\"mxgraph\" style=\"position:relative;overflow:hidden;width:500px;height:784px;\">\n<div style=\"width:1px;height:1px;overflow:hidden;\">7VpbV9s4EP41OX0qx5dcyGMwYZc9UDgldHcfha0YtbbkynIa+us7ujiWLQMtOOEFDgfskTWSvhnNfCN7FEb59i+OivtLluBsFHjJdhSejoLg2PPgrxQ8dAQpJ4kW+UZQkQSXLZFgLBOkaAtjRimORUu2ZllbWYFS7AhuYpS50n9JIu7N5IJpI\/8bk\/S+HsafznVLKR5qHQleoyoTH5Uo0M1bT7eZpx\/atwWireF\/Mpa3BByX5Gd7imvSXuod4wnmWmSgzAj9ZmMULkdhxBkT+irfRjiTRqkB193OHmndQcMxFb\/TwSx9g7LKTH0kcQy3aBSefIxYDqoE4XKiCP7kSGCylVcbUpJRFI5OQukgym8Kzr6CcbGt4Zan8qnFMY2J7IapVAWuEnjgCLgsiUCitHssiozEKLaUf8Dl9wrnqhOigsTyAiTw96vUSZlSLKUl5huYoByl0XhDRNVSKHvGXC4A+oFLqpYgh2FHQSS1MJisQql+GvBhvDXNz1igLEPK6xcSGUwfSuUFccVLVmo81nKFjKKsVJpKQaharqfUC47vkDJHzPKKAhSc2GNcIiqnpKeQM0E29jIKvDPLmlel4HajAKC0YUrtDwAbARdWg8NoVlt7lp19wllFEyydxYcZ\/bgnAt8UKJatPyBmgGzNqLjRju8fwz3KSCp3SgweKH39ZIPl4ChbmIacJIlUr3pGDIBVQ4VhOJ+fnbkObHxaqsHb7k6B0IVZjgV\/kBtYt47N1jJRy6\/vfzTBIpwZ2b0VKIK5ESKzIdOd6mYHwYXZRP0batyzoTqYgqnYt13okriW96iQjfk2lYH4KGfxt6o4gvWKo7sqy7DAyQUpYZ4nUmaBNlU\/IM8RoStoU+Ko+dU9agPN4F4rvDHzoYxKW+g51YqNcE2yrCOqrZvhteixrWBdl5i5ht7NeQBb+x1bu6b2Jz2m9sPJ6009dUx9en52Ht1erBarm9ftJHAjc28U+HvcL5M2hrPZ0cTdMNMeFCcD7JeZA+LV9dXn1e2n832haDl1g6KD7pn6GSIajd8S3mMHXpXUM0inVKYbyGLCTjkXKsuuzqNdmkAqWxGV6VpJJ2bAZiCfNVmnUbPCNGnlfZ0BIcVyVtOEVjq9ZgLLRzOiJlQnpw2hsWYLTYZsswXVzc6JpUxkRPxECWotTE9ZLn27G6NeStlhCDgvIJ2bxZvFZqMoGJ3MMgQkrnfN10AAW2tW+hOyxtJ7NDfYXdsc6x4wdTgSbhMEjbvkIyi\/qydlVttO8LbuZVuJVvy9IgX8TzHFXNOnjUIYGLz+b1G51ky\/2JQvzdidJDGH5AtvvHMPSyTmzs79h3GqvNqTVpgHOVXuUrI7jvV+BIew3Vi7CpRD2v00SweQORFMMs19x9bZcjFdeg67gBbPC0NFATq2M\/LBc1rgWm7WxwuGCLk1B7EsF119ipbXqyXkMy+6WNweEPp9bY4uwuO+zbGvrOb7DsQHjESvB+940sJu4gUOdtM+7AYJLL5b8684ouWa8dyOHqYKltXtLgd8YpVeO0pImqNWi84iWBaiQuezlLQSCHQ2FAKctVRJTObSnqoTJkyKEj9mt7arL+bReDlELREGbZee9FUTfWbxwyHMEjpm+QLsp8osm0QjcxQxsg4pmM7dVBhag1TORxtlg3nZIjprTBRfYA3FAgqH+Z8X\/gOUbp3abdITQXrhng2BtlunL2IggZnkxQ4YQhXWJyUAQGi6kkXu6cfJQBXsuBMMenNVTywYAoWJGwo6zP2ASExmwdEbYuGW8yZgmcM\/dcxnKFRelHo3ZvostLNP7bpBly3CPP4BugJEsvgSKa6FqGAJULde39v\/RpyM33IjuhWqmw6SFHfOq2QR95\/BRF7\/D9de7T09aJSs4nF9OG8iLRSTKa4fM6PKoZ7EzMbE68sFtZDjDAmyab8Q6EPKjHHNiDqyfejoqbvoFZinAutEv+64faSjXqbTURlmt7Dfs5Vbk7zGVnBHYWzZ5NU3f2THoMeO03c7PmvHXYho7HhdHyA0QeyAkb97ZD+duBEo7OPDAwSg2octMM7z7juonniu0oHFbjcsq9SRGjosf+gWE9Pjnug97gFvPAR4Lmm9xDzW77iSD0QWUjGiG\/ewYZ+QdA9upvMDupNLLE8Qje3zF0UeDsmr\/I6HTA8Ih8swT8m6st8dg5dA5FEx1q4WDwtR2PGY8IAQucTTWfsTWdWzsqr\/KBTP5c36ufe8+ZSl3JdVf2QpzXl2trL5T0OHFAN6uR3feexv2PF1NUfXji+2Vfhuq+dt9bqaYzBbjd9t9ayt6gw5QH3oP1EdBi8vD+uu72Z8yoxuRXTdvA\/WJVDzDduLXycOUPp0P63oOS7c28FV6JY+0dWl\/m5FF4elOpMfmfP3Qr5Molh9bLiYuSer+4drHE4OBhfcNh+xah9sPjEOl78A<\/div>\n<\/div>\n<p><script type=\"text\/javascript\" src=\"\/\/drawdotio.appspot.com\/embed.js?s=mockup\/text\"><\/script><\/width><\/p>\n","protected":false},"excerpt":{"rendered":"<p>El passat divendres, 22 de novembre, va tenir lloc la jornada \u00d2mnia al territori al Punt \u00d2mnia Plataforma Educativa \u2013 Font de la P\u00f3lvora de Girona. Marta Jov\u00e9, Cap del servei de desenvolupament i cooperaci\u00f3 social a la direcci\u00f3 general d&#8217;acci\u00f3 c\u00edvica i comunit\u00e0ria, va donar la benvinguda tot remarcant l&#8217;adaptaci\u00f3 del Programa \u00d2mnia a <a href=\"https:\/\/bloc.xarxa-omnia.org\/jornadesterritorials\/2013\/11\/26\/la-coordinacio-amb-agents-del-territori-a-girona\/#more-'\" class=\"more-link\">more \u00bb<\/a><\/p>\n","protected":false},"author":61,"featured_media":0,"comment_status":"open","ping_status":"open","sticky":false,"template":"","format":"standard","meta":{"footnotes":""},"categories":[1519,1710],"tags":[1371,1372],"class_list":{"0":"post-965","1":"post","2":"type-post","3":"status-publish","4":"format-standard","6":"category-1519","7":"category-2n-semestre-2013","8":"tag-cronica","9":"tag-materials","10":"czr-hentry"},"_links":{"self":[{"href":"https:\/\/bloc.xarxa-omnia.org\/jornadesterritorials\/wp-json\/wp\/v2\/posts\/965","targetHints":{"allow":["GET"]}}],"collection":[{"href":"https:\/\/bloc.xarxa-omnia.org\/jornadesterritorials\/wp-json\/wp\/v2\/posts"}],"about":[{"href":"https:\/\/bloc.xarxa-omnia.org\/jornadesterritorials\/wp-json\/wp\/v2\/types\/post"}],"author":[{"embeddable":true,"href":"https:\/\/bloc.xarxa-omnia.org\/jornadesterritorials\/wp-json\/wp\/v2\/users\/61"}],"replies":[{"embeddable":true,"href":"https:\/\/bloc.xarxa-omnia.org\/jornadesterritorials\/wp-json\/wp\/v2\/comments?post=965"}],"version-history":[{"count":14,"href":"https:\/\/bloc.xarxa-omnia.org\/jornadesterritorials\/wp-json\/wp\/v2\/posts\/965\/revisions"}],"predecessor-version":[{"id":1023,"href":"https:\/\/bloc.xarxa-omnia.org\/jornadesterritorials\/wp-json\/wp\/v2\/posts\/965\/revisions\/1023"}],"wp:attachment":[{"href":"https:\/\/bloc.xarxa-omnia.org\/jornadesterritorials\/wp-json\/wp\/v2\/media?parent=965"}],"wp:term":[{"taxonomy":"category","embeddable":true,"href":"https:\/\/bloc.xarxa-omnia.org\/jornadesterritorials\/wp-json\/wp\/v2\/categories?post=965"},{"taxonomy":"post_tag","embeddable":true,"href":"https:\/\/bloc.xarxa-omnia.org\/jornadesterritorials\/wp-json\/wp\/v2\/tags?post=965"}],"curies":[{"name":"wp","href":"https:\/\/api.w.org\/{rel}","templated":true}]}}