{"id":190,"date":"2013-09-09T12:47:47","date_gmt":"2013-09-09T10:47:47","guid":{"rendered":"http:\/\/xarxaomnia.gencat.cat\/blocs\/josepobrer\/?p=190"},"modified":"2013-09-09T12:47:47","modified_gmt":"2013-09-09T10:47:47","slug":"tallers-d%e2%80%99alfabetitzacio-digital-setembre-octubre-2013","status":"publish","type":"post","link":"https:\/\/bloc.xarxa-omnia.org\/josepobrer\/2013\/09\/09\/tallers-d%e2%80%99alfabetitzacio-digital-setembre-octubre-2013\/","title":{"rendered":"Tallers d\u2019alfabetitzaci\u00f3 digital. Setembre &#8211; Octubre 2013"},"content":{"rendered":"<p dir=\"ltr\"><strong>Preinscripcions<\/strong>: Del 2 al 12 de setembre. De 10:00 a 14:00 de dilluns a divendres.<\/p>\n<p><strong>Inscripcions:<\/strong> 13 de setembre a partir de les 10:00. \u00c9s necessari haver fet pr\u00e8viament la preinscripci\u00f3. Les places s&#8217;atorgaran per estricte ordre d&#8217;arribada el dia de la inscripci\u00f3<\/p>\n<p>A l&#8217;hora d&#8217;aconseguir pla\u00e7a tindran prioritat les persones que hagin realitzat un taller en el per\u00edode immediatament anterior al que es va a inscriure (maig &#8211; juliol).<\/p>\n<p>Entre els alumnes nous tindran prioritat els que arribin abans el dia de la inscripci\u00f3.<\/p>\n<p><strong>Inici del taller:<\/strong> setmana del 16 al 20 de setembre.<\/p>\n<p><strong>Periodicitat:<\/strong> 1 dia a la setmana.<\/p>\n<p><strong>Durada:<\/strong> 7 setmanes.<\/p>\n<p><strong>Tallers disponibles:<\/strong><\/p>\n<ol>\n<li dir=\"ltr\">\n<p dir=\"ltr\">Descobrir l&#8217;ordinador. (Iniciaci\u00f3)<\/p>\n<\/li>\n<li dir=\"ltr\">\n<p dir=\"ltr\">Comunicant-nos per Internet<\/p>\n<\/li>\n<li dir=\"ltr\">\n<p dir=\"ltr\">Processadors de textos<\/p>\n<\/li>\n<li dir=\"ltr\">\n<p dir=\"ltr\">Presentacions.<\/p>\n<\/li>\n<\/ol>\n<p dir=\"ltr\">Horaris<\/p>\n<ul>\n<li dir=\"ltr\">\n<p dir=\"ltr\">Grup 1: <strong>Iniciaci\u00f3<\/strong>. Dilluns de 10:00 a 11:00. Matins. Inici: 16 de setembre.<\/p>\n<\/li>\n<li dir=\"ltr\">\n<p dir=\"ltr\">Grup 2: <strong>Processadors de text<\/strong>. Dilluns de 11:00 a 12:00. Matins. Inici: 16 de setembre.<\/p>\n<\/li>\n<li dir=\"ltr\">\n<p dir=\"ltr\">Grup 3: <strong>Iniciaci\u00f3<\/strong>. Dilluns de 16:00 a 17:00. Tardes. Inici: 16 de setembre.<\/p>\n<\/li>\n<li dir=\"ltr\">\n<p dir=\"ltr\">Grup 4: <strong>Processadors de text<\/strong>. Dilluns de 17:00 a 18:00. Tardes. Inici: 16 de setembre.<\/p>\n<\/li>\n<li dir=\"ltr\">\n<p dir=\"ltr\">Grup 5: <strong>Internet<\/strong>. Dimarts de 16:00 a 17:00. Tardes. Inici: 17 de setembre<\/p>\n<\/li>\n<li dir=\"ltr\">\n<p dir=\"ltr\">Grup 6: <strong>Internet<\/strong>. Dimecres de 10:00 a 11:30. Matins. Inici: 18 de setembre.<\/p>\n<\/li>\n<li dir=\"ltr\">\n<p dir=\"ltr\">Grup 7: <strong>Presentacions<\/strong>. Dijous de 11:00 a 12:00. Matins. Inici: 19 de setembre.<\/p>\n<\/li>\n<li dir=\"ltr\">\n<p dir=\"ltr\">Grup 8: <strong>Processadors de text<\/strong>. Divendres de 10:00 a 11:00. Matins. Inici: 27 de setembre.<\/p>\n<\/li>\n<\/ul>\n","protected":false},"excerpt":{"rendered":"<p>Preinscripcions: Del 2 al 12 de setembre. De 10:00 a 14:00 de dilluns a divendres. Inscripcions: 13 de setembre a partir de les 10:00. \u00c9s necessari haver fet pr\u00e8viament la preinscripci\u00f3. Les places s&#8217;atorgaran per estricte ordre d&#8217;arribada el dia de la inscripci\u00f3 A l&#8217;hora d&#8217;aconseguir pla\u00e7a tindran prioritat les persones que hagin realitzat un &hellip; <a href=\"https:\/\/bloc.xarxa-omnia.org\/josepobrer\/2013\/09\/09\/tallers-d%e2%80%99alfabetitzacio-digital-setembre-octubre-2013\/\" class=\"more-link\">Continua la lectura de <span class=\"screen-reader-text\">Tallers d\u2019alfabetitzaci\u00f3 digital. Setembre &#8211; Octubre 2013<\/span> <span class=\"meta-nav\">&rarr;<\/span><\/a><\/p>\n","protected":false},"author":84,"featured_media":0,"comment_status":"open","ping_status":"open","sticky":false,"template":"","format":"standard","meta":{"jetpack_post_was_ever_published":false,"_jetpack_newsletter_access":"","_jetpack_dont_email_post_to_subs":false,"_jetpack_newsletter_tier_id":0,"_jetpack_memberships_contains_paywalled_content":false,"_jetpack_memberships_contains_paid_content":false,"footnotes":"","jetpack_publicize_message":"","jetpack_publicize_feature_enabled":true,"jetpack_social_post_already_shared":false,"jetpack_social_options":{"image_generator_settings":{"template":"highway","enabled":false},"version":2}},"categories":[344],"tags":[1519,393,7869,1474,53,1770,1409],"class_list":["post-190","post","type-post","status-publish","format-standard","hentry","category-cursos","tag-1519","tag-alfabetitzacio","tag-cursos","tag-digital","tag-informatica","tag-octubre","tag-setembre"],"jetpack_publicize_connections":[],"jetpack_featured_media_url":"","jetpack_sharing_enabled":true,"jetpack_shortlink":"https:\/\/wp.me\/p7frvt-34","_links":{"self":[{"href":"https:\/\/bloc.xarxa-omnia.org\/josepobrer\/wp-json\/wp\/v2\/posts\/190","targetHints":{"allow":["GET"]}}],"collection":[{"href":"https:\/\/bloc.xarxa-omnia.org\/josepobrer\/wp-json\/wp\/v2\/posts"}],"about":[{"href":"https:\/\/bloc.xarxa-omnia.org\/josepobrer\/wp-json\/wp\/v2\/types\/post"}],"author":[{"embeddable":true,"href":"https:\/\/bloc.xarxa-omnia.org\/josepobrer\/wp-json\/wp\/v2\/users\/84"}],"replies":[{"embeddable":true,"href":"https:\/\/bloc.xarxa-omnia.org\/josepobrer\/wp-json\/wp\/v2\/comments?post=190"}],"version-history":[{"count":1,"href":"https:\/\/bloc.xarxa-omnia.org\/josepobrer\/wp-json\/wp\/v2\/posts\/190\/revisions"}],"predecessor-version":[{"id":191,"href":"https:\/\/bloc.xarxa-omnia.org\/josepobrer\/wp-json\/wp\/v2\/posts\/190\/revisions\/191"}],"wp:attachment":[{"href":"https:\/\/bloc.xarxa-omnia.org\/josepobrer\/wp-json\/wp\/v2\/media?parent=190"}],"wp:term":[{"taxonomy":"category","embeddable":true,"href":"https:\/\/bloc.xarxa-omnia.org\/josepobrer\/wp-json\/wp\/v2\/categories?post=190"},{"taxonomy":"post_tag","embeddable":true,"href":"https:\/\/bloc.xarxa-omnia.org\/josepobrer\/wp-json\/wp\/v2\/tags?post=190"}],"curies":[{"name":"wp","href":"https:\/\/api.w.org\/{rel}","templated":true}]}}