{"id":2517,"date":"2011-09-09T14:14:21","date_gmt":"2011-09-09T12:14:21","guid":{"rendered":"http:\/\/xarxaomnia.gencat.cat\/blocs\/lasalut\/?p=2517"},"modified":"2011-10-11T17:26:22","modified_gmt":"2011-10-11T15:26:22","slug":"2517","status":"publish","type":"post","link":"https:\/\/bloc.xarxa-omnia.org\/lasalut\/?p=2517","title":{"rendered":"Horari 3er quadrimestre de 2011"},"content":{"rendered":"<p style=\"text-align: center;\"><a href=\"http:\/\/s1183.photobucket.com\/albums\/x461\/salutalta\/Horari%203er%20quad%202011\/?action=view&amp;current=Horari3erQuad2011_POLaSalutAlta.jpg\" target=\"_blank\"><img decoding=\"async\" class=\"aligncenter\" src=\"http:\/\/i1183.photobucket.com\/albums\/x461\/salutalta\/Horari%203er%20quad%202011\/Horari3erQuad2011_POLaSalutAlta.jpg\" border=\"0\" alt=\"Photobucket\" \/><\/a><\/p>\n<p style=\"text-align: center;\">\n<h4 style=\"text-align: justify;\">Com podeu veure hi ha algunes novetats al nostre horari del 3er quadrimestre de 2011&#8230; Per comen\u00e7ar hem cedit l&#8217;espai del nostre aula per a que altres organismes i projectes puguin aprofitar-ho. D&#8217;aquesta manera hem orientat clarament la nostra acci\u00f3 formativa cap l&#8217;<span style=\"color: #ff6600;\"><strong>eix de l&#8217;Inserci\u00f3 Sociolaboral<\/strong><\/span> que promou la <span style=\"color: #cc99ff;\"><a title=\"Xarxa \u00d2mnia\" href=\"http:\/\/xarxa-omnia.org\" target=\"_blank\"><strong>Xarxa \u00d2mnia<\/strong><\/a><\/span>. Per exemple, amb el <strong><a title=\"Programa Connecta't 2011\" href=\"http:\/\/www20.gencat.cat\/portal\/site\/msi-dgac\/menuitem.cfb4d0ec869dcac3934fec60b0c0e1a0\/?vgnextoid=9ed09ebacd931210VgnVCM1000008d0c1e0aRCRD&amp;vgnextchannel=9ed09ebacd931210VgnVCM1000008d0c1e0aRCRD&amp;vgnextfmt=detall&amp;contentid=3f6379a9395d9210VgnVCM2000009b0c1e0aRCRD\" target=\"_blank\">Programa Connecta&#8217;t<\/a><\/strong> del <a title=\"SOC\" href=\"http:\/\/www.oficinadetreball.cat\/socweb\/opencms\/socweb_ca\/home.html\" target=\"_blank\"><strong>Servei d&#8217;Ocupaci\u00f3 de Catalunya<\/strong><\/a> i les OTG de la zona. Tamb\u00e9 treballem amb el <span style=\"color: #cc99ff;\"><strong>Programa Convivim<\/strong><\/span> del <strong><a title=\"Fons Social Europeu\" href=\"http:\/\/ec.europa.eu\/esf\/home.jsp?langId=es\" target=\"_blank\">Fons Social Europeu<\/a><\/strong> i l&#8217;<strong><a title=\"Ajuntament de Badalona\" href=\"http:\/\/badalona.cat\" target=\"_blank\">Ajuntament de Badalona<\/a><\/strong> que d\u00f3na suport en el seu proc\u00e9s de recerca de feina a persones nouvingudes, aix\u00ed com amb els <strong><a title=\"Serveis Socials de l'Ajuntament de Badalona\" href=\"http:\/\/badalona.cat\/portalWeb\/badalona.portal?_nfpb=true&amp;_pageLabel=serveis_socials\" target=\"_blank\">Serveis Socials de l&#8217;Ajuntament<\/a><\/strong> i el Institut Municipal de Serveis a les Persones per a portar a terme la mateixa feina per\u00f2 amb col\u00b7lectius amb risc d&#8217;exclusi\u00f3 social. I, per suposat, continuem amb el nostre propi <span style=\"color: #99cc00;\"><strong>Club de Feina<\/strong><\/span> dels divendres.<\/h4>\n<h4 style=\"text-align: justify;\">Altre gran novetat en aquest 3er quadrimestre \u00e9s el <span style=\"color: #99cc00;\"><strong>Taller WEB 2.0<\/strong><\/span> que pret\u00e9n ser un espai on els usuaris puguin aprendre, crear i actualitzar els seus propis espais <strong>WEB 2.0<\/strong>. Encara que, fonamentalment, ens agradaria treballar amb els blocs per a que totes les persones que tinguin quelcom a dir puguin fer-ho i d&#8217;aquesta manera recopilar i mantenir la mem\u00f2ria del barri a la xarxa. El nostre desig \u00e9s que m\u00e9s endavant puguem fer una petita blocesfera o potser una de gran, mai es sap&#8230;<\/h4>\n<!-- AddThis Advanced Settings generic via filter on the_content --><!-- AddThis Share Buttons generic via filter on the_content -->","protected":false},"excerpt":{"rendered":"<p>Com podeu veure hi ha algunes novetats al nostre horari del 3er quadrimestre de 2011&#8230; Per comen\u00e7ar hem cedit l&#8217;espai del nostre aula per a que altres organismes i projectes puguin aprofitar-ho. D&#8217;aquesta manera hem orientat clarament la nostra acci\u00f3 formativa cap l&#8217;eix de l&#8217;Inserci\u00f3 Sociolaboral que promou la Xarxa \u00d2mnia. Per exemple, amb el &#8230; <span class=\"more\"><a class=\"more-link\" href=\"https:\/\/bloc.xarxa-omnia.org\/lasalut\/?p=2517\">[Read more&#8230;]<\/a><\/span><!-- AddThis Advanced Settings generic via filter on get_the_excerpt --><!-- AddThis Share Buttons generic via filter on get_the_excerpt --><\/p>\n","protected":false},"author":135,"featured_media":0,"comment_status":"open","ping_status":"open","sticky":false,"template":"","format":"standard","meta":{"ngg_post_thumbnail":0,"footnotes":""},"categories":[58,223,344,723,41,362],"tags":[871,1156,447,1159,430,993,309,1157,914,1158],"class_list":{"0":"entry","1":"post","2":"publish","3":"author-lasalut","4":"post-2517","6":"format-standard","7":"category-activitats","8":"category-calendari","9":"category-cursos","10":"category-dia-a-dia","11":"category-mnia","12":"category-tallers","13":"post_tag-871","14":"post_tag-3er-quadrimestre","15":"post_tag-acces-lliure","16":"post_tag-acces-lliure-infantil","17":"post_tag-horari","18":"post_tag-iniciacio-a-lordinador","19":"post_tag-internet","20":"post_tag-noves-activitats","21":"post_tag-punt-omnia-la-salut-alta","22":"post_tag-taller-web-2-0"},"_links":{"self":[{"href":"https:\/\/bloc.xarxa-omnia.org\/lasalut\/index.php?rest_route=\/wp\/v2\/posts\/2517","targetHints":{"allow":["GET"]}}],"collection":[{"href":"https:\/\/bloc.xarxa-omnia.org\/lasalut\/index.php?rest_route=\/wp\/v2\/posts"}],"about":[{"href":"https:\/\/bloc.xarxa-omnia.org\/lasalut\/index.php?rest_route=\/wp\/v2\/types\/post"}],"author":[{"embeddable":true,"href":"https:\/\/bloc.xarxa-omnia.org\/lasalut\/index.php?rest_route=\/wp\/v2\/users\/135"}],"replies":[{"embeddable":true,"href":"https:\/\/bloc.xarxa-omnia.org\/lasalut\/index.php?rest_route=%2Fwp%2Fv2%2Fcomments&post=2517"}],"version-history":[{"count":11,"href":"https:\/\/bloc.xarxa-omnia.org\/lasalut\/index.php?rest_route=\/wp\/v2\/posts\/2517\/revisions"}],"predecessor-version":[{"id":2542,"href":"https:\/\/bloc.xarxa-omnia.org\/lasalut\/index.php?rest_route=\/wp\/v2\/posts\/2517\/revisions\/2542"}],"wp:attachment":[{"href":"https:\/\/bloc.xarxa-omnia.org\/lasalut\/index.php?rest_route=%2Fwp%2Fv2%2Fmedia&parent=2517"}],"wp:term":[{"taxonomy":"category","embeddable":true,"href":"https:\/\/bloc.xarxa-omnia.org\/lasalut\/index.php?rest_route=%2Fwp%2Fv2%2Fcategories&post=2517"},{"taxonomy":"post_tag","embeddable":true,"href":"https:\/\/bloc.xarxa-omnia.org\/lasalut\/index.php?rest_route=%2Fwp%2Fv2%2Ftags&post=2517"}],"curies":[{"name":"wp","href":"https:\/\/api.w.org\/{rel}","templated":true}]}}