{"id":2550,"date":"2011-10-11T18:41:07","date_gmt":"2011-10-11T16:41:07","guid":{"rendered":"http:\/\/xarxaomnia.gencat.cat\/blocs\/lasalut\/?p=2550"},"modified":"2014-03-14T15:24:06","modified_gmt":"2014-03-14T13:24:06","slug":"incendio-en-la-plaza-antonio-machado","status":"publish","type":"post","link":"https:\/\/bloc.xarxa-omnia.org\/lasalut\/?p=2550","title":{"rendered":"Incendio en la Plaza Antonio Machado"},"content":{"rendered":"<h4 style=\"text-align: justify;\"><span style=\"font-weight: normal;\">L&#8217;altre dia, quan an\u00e0vem a fer la classe setmanal amb el <\/span><a title=\"Club Social &quot;El Badiu&quot;\" href=\"http:\/\/clubbadiu.blogspot.com\/\" target=\"_blank\"><strong>Club Badiu<\/strong><\/a><strong><span style=\"font-weight: normal;\">, vam sentir una fort olor a cautx\u00fa\u00a0cremat, vam sortir fora de l&#8217;aula i ens vam trobar amb una columna de fum negre que sortia de l&#8217;aparcament subterrani de la pla\u00e7a d&#8217;Antonio Machado. Van comen\u00e7ar a arribar cotxes de la policia i camions dels bombers, hi havia una gran expectaci\u00f3. Aix\u00ed que vam decidir fer unes quantes fotos i escriure una petita cr\u00f2nica del fet al bloc, i la veritat \u00e9s que vam informar del que va succeir abans que molts mitjans de comunicaci\u00f3 que a la nit encara no s&#8217;havien assabentat&#8230; Aqu\u00ed us deixem la nostra petita incursi\u00f3 en el m\u00f3n del periodisme de carrer&#8230;<\/span><\/strong><\/h4>\n<div style=\"width: 480px; text-align: justify;\"><a href=\"http:\/\/photobucket.com\/redirect\/album?showShareLB=1\" target=\"_blank\"><img decoding=\"async\" style=\"border: none;\" src=\"http:\/\/pic.photobucket.com\/share\/icons\/embed\/btn_geturs.gif\" alt=\"\" \/><\/a><a href=\"http:\/\/s1183.photobucket.com\/albums\/x461\/salutalta\/incendio\/\" target=\"_blank\"><img decoding=\"async\" style=\"border: none;\" src=\"http:\/\/pic.photobucket.com\/share\/icons\/embed\/btn_viewall.gif\" alt=\"\" \/><\/a><\/div>\n<p style=\"text-align: center;\"><object classid=\"clsid:d27cdb6e-ae6d-11cf-96b8-444553540000\" width=\"480\" height=\"360\" codebase=\"http:\/\/download.macromedia.com\/pub\/shockwave\/cabs\/flash\/swflash.cab#version=6,0,40,0\"><param name=\"flashvars\" value=\"rssFeed=http%3A%2F%2Ffeed1183.photobucket.com%2Falbums%2Fx461%2Fsalutalta%2Fincendio%2Ffeed.rss\" \/><param name=\"src\" value=\"http:\/\/static.pbsrc.com\/flash\/rss_slideshow.swf\" \/><param name=\"wmode\" value=\"transparent\" \/><embed type=\"application\/x-shockwave-flash\" width=\"480\" height=\"360\" src=\"http:\/\/static.pbsrc.com\/flash\/rss_slideshow.swf\" wmode=\"transparent\" flashvars=\"rssFeed=http%3A%2F%2Ffeed1183.photobucket.com%2Falbums%2Fx461%2Fsalutalta%2Fincendio%2Ffeed.rss\"\/><\/object><\/p>\n<h4 style=\"text-align: justify;\">11 de Octubre de 2011.<\/h4>\n<h4 style=\"text-align: justify;\">Yo me he mosqueado cuando estaba la calle cortada a las 18:00 horas en cuanto llegaba a la altura  de Pau Piferrer sobre la plaza de Antonio Machado.<\/h4>\n<h4 style=\"text-align: justify;\">Hab\u00eda dos dotaciones de bomberos y una ambulancia.<\/h4>\n<h4 style=\"text-align: justify;\">No sabemos exactamente donde es el origen del incendio.<\/h4>\n<h4 style=\"text-align: justify;\">Casi todo indica que es el parquing subterr\u00e1neo que esta justo debajo del parque de Antonio Machado.<\/h4>\n<h4 style=\"text-align: justify;\">Lo cierto es que hay una gran multitud de personas que supongo estar\u00e1n afectadas.<\/h4>\n<h4 style=\"text-align: justify;\">Hay un mont\u00f3n de curiosos. Los compa\u00f1eros\/as est\u00e1n haciendo fotos. La verdad es que es espeluznante.<\/h4>\n<h4 style=\"text-align: justify;\">Cada minuto que pasa la verdad es que no deja de salir humo y m\u00e1s humo.<\/h4>\n<h4 style=\"text-align: justify;\">En unos pocos minutos ha llegado otra dotaci\u00f3n de bomberos. Creo que habr\u00e1 muchos destrozos materiales.<\/h4>\n<h4 style=\"text-align: justify;\">Lo peor es que haya v\u00edctimas personales.<\/h4>\n<h4 style=\"text-align: justify;\">S\u00f3lo se puede esperar que cada d\u00eda haya menos incendios.<\/h4>\n<h4 style=\"text-align: justify;\">Por desgracia cada d\u00eda hay m\u00e1s y son m\u00e1s virulentos.<\/h4>\n<h4 style=\"text-align: right;\">Fdo: INTR\u00c9PIDOS REPORTEROS.<\/h4>\n<\/p>\n<p style=\"text-align: center;\">\n<p style=\"text-align: center;\"><a href=\"http:\/\/s1183.photobucket.com\/albums\/x461\/salutalta\/situacion%20incendio\/?action=view&amp;current=Pantallazo.png\" target=\"_blank\"><img decoding=\"async\" class=\"aligncenter\" src=\"http:\/\/i1183.photobucket.com\/albums\/x461\/salutalta\/situacion%20incendio\/Pantallazo.png\" border=\"0\" alt=\"Photobucket\" \/><\/a><\/p>\n<!-- AddThis Advanced Settings generic via filter on the_content --><!-- AddThis Share Buttons generic via filter on the_content -->","protected":false},"excerpt":{"rendered":"<p>L&#8217;altre dia, quan an\u00e0vem a fer la classe setmanal amb el Club Badiu, vam sentir una fort olor a cautx\u00fa\u00a0cremat, vam sortir fora de l&#8217;aula i ens vam trobar amb una columna de fum negre que sortia de l&#8217;aparcament subterrani de la pla\u00e7a d&#8217;Antonio Machado. Van comen\u00e7ar a arribar cotxes de la policia i camions &#8230; <span class=\"more\"><a class=\"more-link\" href=\"https:\/\/bloc.xarxa-omnia.org\/lasalut\/?p=2550\">[Read more&#8230;]<\/a><\/span><!-- AddThis Advanced Settings generic via filter on get_the_excerpt --><!-- AddThis Share Buttons generic via filter on get_the_excerpt --><\/p>\n","protected":false},"author":135,"featured_media":0,"comment_status":"closed","ping_status":"open","sticky":false,"template":"","format":"standard","meta":{"ngg_post_thumbnail":0,"footnotes":""},"categories":[58,344,723,41],"tags":[937,1210,549,1216,1208,1217,1214,1135,1053,1209,1211,1215,1213,1212],"class_list":{"0":"entry","1":"post","2":"publish","3":"author-lasalut","4":"post-2550","6":"format-standard","7":"category-activitats","8":"category-cursos","9":"category-dia-a-dia","10":"category-mnia","11":"post_tag-badalona","12":"post_tag-bombers","13":"post_tag-diari","14":"post_tag-grafics","15":"post_tag-incendio","16":"post_tag-intrepids","17":"post_tag-noticia","18":"post_tag-pau-piferrer","19":"post_tag-placa","20":"post_tag-plaza-de-antonio-machado","21":"post_tag-policia","22":"post_tag-reporters","23":"post_tag-veines","24":"post_tag-veins"},"_links":{"self":[{"href":"https:\/\/bloc.xarxa-omnia.org\/lasalut\/index.php?rest_route=\/wp\/v2\/posts\/2550","targetHints":{"allow":["GET"]}}],"collection":[{"href":"https:\/\/bloc.xarxa-omnia.org\/lasalut\/index.php?rest_route=\/wp\/v2\/posts"}],"about":[{"href":"https:\/\/bloc.xarxa-omnia.org\/lasalut\/index.php?rest_route=\/wp\/v2\/types\/post"}],"author":[{"embeddable":true,"href":"https:\/\/bloc.xarxa-omnia.org\/lasalut\/index.php?rest_route=\/wp\/v2\/users\/135"}],"replies":[{"embeddable":true,"href":"https:\/\/bloc.xarxa-omnia.org\/lasalut\/index.php?rest_route=%2Fwp%2Fv2%2Fcomments&post=2550"}],"version-history":[{"count":15,"href":"https:\/\/bloc.xarxa-omnia.org\/lasalut\/index.php?rest_route=\/wp\/v2\/posts\/2550\/revisions"}],"predecessor-version":[{"id":3239,"href":"https:\/\/bloc.xarxa-omnia.org\/lasalut\/index.php?rest_route=\/wp\/v2\/posts\/2550\/revisions\/3239"}],"wp:attachment":[{"href":"https:\/\/bloc.xarxa-omnia.org\/lasalut\/index.php?rest_route=%2Fwp%2Fv2%2Fmedia&parent=2550"}],"wp:term":[{"taxonomy":"category","embeddable":true,"href":"https:\/\/bloc.xarxa-omnia.org\/lasalut\/index.php?rest_route=%2Fwp%2Fv2%2Fcategories&post=2550"},{"taxonomy":"post_tag","embeddable":true,"href":"https:\/\/bloc.xarxa-omnia.org\/lasalut\/index.php?rest_route=%2Fwp%2Fv2%2Ftags&post=2550"}],"curies":[{"name":"wp","href":"https:\/\/api.w.org\/{rel}","templated":true}]}}