{"id":2638,"date":"2011-11-04T18:14:34","date_gmt":"2011-11-04T16:14:34","guid":{"rendered":"http:\/\/xarxaomnia.gencat.cat\/blocs\/lasalut\/?p=2638"},"modified":"2011-11-22T20:19:55","modified_gmt":"2011-11-22T18:19:55","slug":"video-reporters-al-nostre-taller-web-2-0","status":"publish","type":"post","link":"https:\/\/bloc.xarxa-omnia.org\/lasalut\/?p=2638","title":{"rendered":"V\u00eddeo-reporters al nostre Taller Web 2.0"},"content":{"rendered":"<h4 style=\"text-align: justify;\">El divendres va venir al Punt el nostre gran amic, Segundo. Per\u00f2, aquesta vegada va venir acompanyat d&#8217;un aut\u00e8ntic diamant en brut que tenim al barri, es diu Antonio i capta amb la seva c\u00e0mera tot el que succeeix a dins i a fora, en aquest cas, al nostre carrer de Pau Piferrer&#8230; I si, si, amics i amigues, l&#8217;Antonio tamb\u00e9 va enregistrar imatges del incendi del p\u00e0rquing a la Pla\u00e7a d&#8217;Antonio Machado i al Punt, juntament amb el Segundo, vam aprendre com fer el muntatge de un v\u00eddeo per despr\u00e9s penjar-ho al <a title=\"Youtube\" href=\"http:\/\/www.youtube.com\" target=\"_blank\">Youtube<\/a>, aqu\u00ed veieu el resultat, esperem que us agradi \ud83d\ude09<\/h4>\n<p style=\"text-align: center;\"><iframe loading=\"lazy\" width=\"480\" height=\"360\" src=\"http:\/\/www.youtube.com\/embed\/sfwh2M_NZus\" frameborder=\"0\" allowfullscreen><\/iframe><\/p>\n<p style=\"text-align: center;\"><a href=\"http:\/\/s1183.photobucket.com\/albums\/x461\/salutalta\/Edicio%20del%20video%20del%20INCENDI\/?action=view&amp;current=PA280002.jpg\" target=\"_blank\"><img loading=\"lazy\" decoding=\"async\" class=\"aligncenter\" style=\"border: 0pt none;\" src=\"http:\/\/i1183.photobucket.com\/albums\/x461\/salutalta\/Edicio%20del%20video%20del%20INCENDI\/PA280002.jpg\" border=\"0\" alt=\"Photobucket\" width=\"520\" height=\"390\" \/><\/a><\/p>\n<p style=\"text-align: center;\"><a href=\"http:\/\/s1183.photobucket.com\/albums\/x461\/salutalta\/Edicio%20del%20video%20del%20INCENDI%202\/?action=view&amp;current=PA280003.jpg\" target=\"_blank\"><img loading=\"lazy\" decoding=\"async\" class=\"aligncenter\" style=\"border: 0pt none;\" src=\"http:\/\/i1183.photobucket.com\/albums\/x461\/salutalta\/Edicio%20del%20video%20del%20INCENDI%202\/PA280003.jpg\" border=\"0\" alt=\"Photobucket\" width=\"520\" height=\"390\" \/><\/a><\/p>\n<!-- AddThis Advanced Settings generic via filter on the_content --><!-- AddThis Share Buttons generic via filter on the_content -->","protected":false},"excerpt":{"rendered":"<p>El divendres va venir al Punt el nostre gran amic, Segundo. Per\u00f2, aquesta vegada va venir acompanyat d&#8217;un aut\u00e8ntic diamant en brut que tenim al barri, es diu Antonio i capta amb la seva c\u00e0mera tot el que succeeix a dins i a fora, en aquest cas, al nostre carrer de Pau Piferrer&#8230; I si, &#8230; <span class=\"more\"><a class=\"more-link\" href=\"https:\/\/bloc.xarxa-omnia.org\/lasalut\/?p=2638\">[Read more&#8230;]<\/a><\/span><!-- AddThis Advanced Settings generic via filter on get_the_excerpt --><!-- AddThis Share Buttons generic via filter on get_the_excerpt --><\/p>\n","protected":false},"author":135,"featured_media":0,"comment_status":"open","ping_status":"open","sticky":false,"template":"","format":"standard","meta":{"ngg_post_thumbnail":0,"footnotes":""},"categories":[58,344,723,41,362],"tags":[937,1210,549,1216,1208,1217,1214,1135,1053,1209,1211,1215,1213,1212],"class_list":{"0":"entry","1":"post","2":"publish","3":"author-lasalut","4":"post-2638","6":"format-standard","7":"category-activitats","8":"category-cursos","9":"category-dia-a-dia","10":"category-mnia","11":"category-tallers","12":"post_tag-badalona","13":"post_tag-bombers","14":"post_tag-diari","15":"post_tag-grafics","16":"post_tag-incendio","17":"post_tag-intrepids","18":"post_tag-noticia","19":"post_tag-pau-piferrer","20":"post_tag-placa","21":"post_tag-plaza-de-antonio-machado","22":"post_tag-policia","23":"post_tag-reporters","24":"post_tag-veines","25":"post_tag-veins"},"_links":{"self":[{"href":"https:\/\/bloc.xarxa-omnia.org\/lasalut\/index.php?rest_route=\/wp\/v2\/posts\/2638","targetHints":{"allow":["GET"]}}],"collection":[{"href":"https:\/\/bloc.xarxa-omnia.org\/lasalut\/index.php?rest_route=\/wp\/v2\/posts"}],"about":[{"href":"https:\/\/bloc.xarxa-omnia.org\/lasalut\/index.php?rest_route=\/wp\/v2\/types\/post"}],"author":[{"embeddable":true,"href":"https:\/\/bloc.xarxa-omnia.org\/lasalut\/index.php?rest_route=\/wp\/v2\/users\/135"}],"replies":[{"embeddable":true,"href":"https:\/\/bloc.xarxa-omnia.org\/lasalut\/index.php?rest_route=%2Fwp%2Fv2%2Fcomments&post=2638"}],"version-history":[{"count":3,"href":"https:\/\/bloc.xarxa-omnia.org\/lasalut\/index.php?rest_route=\/wp\/v2\/posts\/2638\/revisions"}],"predecessor-version":[{"id":2642,"href":"https:\/\/bloc.xarxa-omnia.org\/lasalut\/index.php?rest_route=\/wp\/v2\/posts\/2638\/revisions\/2642"}],"wp:attachment":[{"href":"https:\/\/bloc.xarxa-omnia.org\/lasalut\/index.php?rest_route=%2Fwp%2Fv2%2Fmedia&parent=2638"}],"wp:term":[{"taxonomy":"category","embeddable":true,"href":"https:\/\/bloc.xarxa-omnia.org\/lasalut\/index.php?rest_route=%2Fwp%2Fv2%2Fcategories&post=2638"},{"taxonomy":"post_tag","embeddable":true,"href":"https:\/\/bloc.xarxa-omnia.org\/lasalut\/index.php?rest_route=%2Fwp%2Fv2%2Ftags&post=2638"}],"curies":[{"name":"wp","href":"https:\/\/api.w.org\/{rel}","templated":true}]}}