{"id":2709,"date":"2012-01-12T19:45:00","date_gmt":"2012-01-12T17:45:00","guid":{"rendered":"http:\/\/xarxaomnia.gencat.cat\/blocs\/lasalut\/?p=2709"},"modified":"2012-01-20T19:53:43","modified_gmt":"2012-01-20T17:53:43","slug":"festa-de-nadal-del-casal-civic-salut-alta-2011","status":"publish","type":"post","link":"https:\/\/bloc.xarxa-omnia.org\/lasalut\/?p=2709","title":{"rendered":"Festa de Nadal del Casal C\u00edvic Salut Alta 2011"},"content":{"rendered":"<h4 style=\"text-align: justify;\">El dia 22 de Desembre a les 17h de la tarda vam celebrar, com cada any, la Festa de Nadal del Casal C\u00edvic Salut Alta on ens trobem. Ens vam reunir amb la resta d&#8217;entitats que tenen espai al Casal aix\u00ed com amb amics i amigues, coneguts i conegudes, i per suposat, amb els companys i companyes dels cursos del nostre Punt \u00d2mnia, ja que vam aprofitar per fer el lliurament de diplomes dels cursos d&#8217;Iniciaci\u00f3. Va a ser molt maco! Fins i tot es van animar a ballar sevillanes unes quantes parelles, <strong>quin d&#8217;art que tenim a La Salut, mare meva!!<\/strong><\/h4>\n<div style=\"width: 480px; text-align: right;\"><a href=\"http:\/\/photobucket.com\/redirect\/album?showShareLB=1\" target=\"_blank\"><img decoding=\"async\" style=\"border: none;\" src=\"http:\/\/pic.photobucket.com\/share\/icons\/embed\/btn_geturs.gif\" alt=\"\" \/><\/a><a href=\"http:\/\/s1183.photobucket.com\/albums\/x461\/salutalta\/Festa%20de%20Nadal%20del%20Casal%202011\/\" target=\"_blank\"><img decoding=\"async\" style=\"border: none;\" src=\"http:\/\/pic.photobucket.com\/share\/icons\/embed\/btn_viewall.gif\" alt=\"\" \/><\/a><\/div>\n<p style=\"text-align: center;\"><object classid=\"clsid:d27cdb6e-ae6d-11cf-96b8-444553540000\" width=\"480\" height=\"360\" codebase=\"http:\/\/download.macromedia.com\/pub\/shockwave\/cabs\/flash\/swflash.cab#version=6,0,40,0\"><param name=\"flashvars\" value=\"rssFeed=http%3A%2F%2Ffeed1183.photobucket.com%2Falbums%2Fx461%2Fsalutalta%2FFesta%2520de%2520Nadal%2520del%2520Casal%25202011%2Ffeed.rss\" \/><param name=\"src\" value=\"http:\/\/static.pbsrc.com\/flash\/rss_slideshow.swf\" \/><param name=\"wmode\" value=\"transparent\" \/><embed type=\"application\/x-shockwave-flash\" width=\"480\" height=\"360\" src=\"http:\/\/static.pbsrc.com\/flash\/rss_slideshow.swf\" wmode=\"transparent\" flashvars=\"rssFeed=http%3A%2F%2Ffeed1183.photobucket.com%2Falbums%2Fx461%2Fsalutalta%2FFesta%2520de%2520Nadal%2520del%2520Casal%25202011%2Ffeed.rss\"><\/embed><\/object><\/p>\n<!-- AddThis Advanced Settings generic via filter on the_content --><!-- AddThis Share Buttons generic via filter on the_content -->","protected":false},"excerpt":{"rendered":"<p>El dia 22 de Desembre a les 17h de la tarda vam celebrar, com cada any, la Festa de Nadal del Casal C\u00edvic Salut Alta on ens trobem. Ens vam reunir amb la resta d&#8217;entitats que tenen espai al Casal aix\u00ed com amb amics i amigues, coneguts i conegudes, i per suposat, amb els companys &#8230; <span class=\"more\"><a class=\"more-link\" href=\"https:\/\/bloc.xarxa-omnia.org\/lasalut\/?p=2709\">[Read more&#8230;]<\/a><\/span><!-- AddThis Advanced Settings generic via filter on get_the_excerpt --><!-- AddThis Share Buttons generic via filter on get_the_excerpt --><\/p>\n","protected":false},"author":135,"featured_media":0,"comment_status":"open","ping_status":"open","sticky":false,"template":"","format":"standard","meta":{"ngg_post_thumbnail":0,"footnotes":""},"categories":[58,223,723],"tags":[871,1068,1061,7874,1250,395,690,1254,255,1255,1256,1257],"class_list":{"0":"entry","1":"post","2":"publish","3":"author-lasalut","4":"post-2709","6":"format-standard","7":"category-activitats","8":"category-calendari","9":"category-dia-a-dia","10":"post_tag-871","11":"post_tag-ball","12":"post_tag-casal-civic-salut-alta","13":"post_tag-cursos","14":"post_tag-diplomes","15":"post_tag-entitats","16":"post_tag-festa","17":"post_tag-lliurament","18":"post_tag-nadal","19":"post_tag-nadales","20":"post_tag-pica-pica","21":"post_tag-sevillanes"},"_links":{"self":[{"href":"https:\/\/bloc.xarxa-omnia.org\/lasalut\/index.php?rest_route=\/wp\/v2\/posts\/2709","targetHints":{"allow":["GET"]}}],"collection":[{"href":"https:\/\/bloc.xarxa-omnia.org\/lasalut\/index.php?rest_route=\/wp\/v2\/posts"}],"about":[{"href":"https:\/\/bloc.xarxa-omnia.org\/lasalut\/index.php?rest_route=\/wp\/v2\/types\/post"}],"author":[{"embeddable":true,"href":"https:\/\/bloc.xarxa-omnia.org\/lasalut\/index.php?rest_route=\/wp\/v2\/users\/135"}],"replies":[{"embeddable":true,"href":"https:\/\/bloc.xarxa-omnia.org\/lasalut\/index.php?rest_route=%2Fwp%2Fv2%2Fcomments&post=2709"}],"version-history":[{"count":2,"href":"https:\/\/bloc.xarxa-omnia.org\/lasalut\/index.php?rest_route=\/wp\/v2\/posts\/2709\/revisions"}],"predecessor-version":[{"id":2711,"href":"https:\/\/bloc.xarxa-omnia.org\/lasalut\/index.php?rest_route=\/wp\/v2\/posts\/2709\/revisions\/2711"}],"wp:attachment":[{"href":"https:\/\/bloc.xarxa-omnia.org\/lasalut\/index.php?rest_route=%2Fwp%2Fv2%2Fmedia&parent=2709"}],"wp:term":[{"taxonomy":"category","embeddable":true,"href":"https:\/\/bloc.xarxa-omnia.org\/lasalut\/index.php?rest_route=%2Fwp%2Fv2%2Fcategories&post=2709"},{"taxonomy":"post_tag","embeddable":true,"href":"https:\/\/bloc.xarxa-omnia.org\/lasalut\/index.php?rest_route=%2Fwp%2Fv2%2Ftags&post=2709"}],"curies":[{"name":"wp","href":"https:\/\/api.w.org\/{rel}","templated":true}]}}