{"id":2804,"date":"2012-05-25T18:45:28","date_gmt":"2012-05-25T16:45:28","guid":{"rendered":"http:\/\/xarxaomnia.gencat.cat\/blocs\/lasalut\/?p=2804"},"modified":"2012-06-18T18:47:33","modified_gmt":"2012-06-18T16:47:33","slug":"trobada-de-dinamitzadorses-presentacio-programa-omnia-a-palau-de-mar-de-barcelona","status":"publish","type":"post","link":"https:\/\/bloc.xarxa-omnia.org\/lasalut\/?p=2804","title":{"rendered":"Trobada de dinamitzadors\/es &#8211; Presentaci\u00f3 Programa \u00d2mnia a Palau de Mar de Barcelona"},"content":{"rendered":"<h4 style=\"text-align: justify;\">Bon dia amics i amigues!<\/h4>\n<h4 style=\"text-align: justify;\">Com ja sabeu, aquest dijous, dia 24 de Maig, el Punt va romandre tancat per motius laborals. B\u00e9, doncs, aqu\u00ed us mostro els motius als que me referia&#8230; Vam tenir una reuni\u00f3-presentaci\u00f3 amb els i les nostres companyes dels Punts \u00d2mnia del Barcelon\u00e8s Nord, responsables de Casals C\u00edvics, coordinadors i representants de l&#8217;Administraci\u00f3 del Programa \u00d2mnia. Va ser una alegria retrobar-nos, com sempre, una aut\u00e8ntica pujada d&#8217;energia!!<\/h4>\n<h4 style=\"text-align: justify;\">Gr\u00e0cies a tots i totes! \ud83d\ude42<\/h4>\n<div style=\"width: 480px; text-align: right;\"><a href=\"http:\/\/photobucket.com\/redirect\/album?showShareLB=1\" target=\"_blank\"><img decoding=\"async\" style=\"border: none;\" src=\"http:\/\/pic.photobucket.com\/share\/icons\/embed\/btn_geturs.gif\" alt=\"\" \/><\/a><a href=\"http:\/\/s1183.photobucket.com\/albums\/x461\/salutalta\/Trobada%20dinamitzadors%20PresenProg12\/\" target=\"_blank\"><img decoding=\"async\" style=\"border: none;\" src=\"http:\/\/pic.photobucket.com\/share\/icons\/embed\/btn_viewall.gif\" alt=\"\" \/><\/a><\/div>\n<p style=\"text-align: center;\"><object classid=\"clsid:d27cdb6e-ae6d-11cf-96b8-444553540000\" width=\"480\" height=\"360\" codebase=\"http:\/\/download.macromedia.com\/pub\/shockwave\/cabs\/flash\/swflash.cab#version=6,0,40,0\"><param name=\"flashvars\" value=\"rssFeed=http%3A%2F%2Ffeed1183.photobucket.com%2Falbums%2Fx461%2Fsalutalta%2FTrobada%2520dinamitzadors%2520PresenProg12%2Ffeed.rss\" \/><param name=\"src\" value=\"http:\/\/static.pbsrc.com\/flash\/rss_slideshow.swf\" \/><param name=\"wmode\" value=\"transparent\" \/><embed type=\"application\/x-shockwave-flash\" width=\"480\" height=\"360\" src=\"http:\/\/static.pbsrc.com\/flash\/rss_slideshow.swf\" wmode=\"transparent\" flashvars=\"rssFeed=http%3A%2F%2Ffeed1183.photobucket.com%2Falbums%2Fx461%2Fsalutalta%2FTrobada%2520dinamitzadors%2520PresenProg12%2Ffeed.rss\"><\/embed><\/object><\/p>\n<!-- AddThis Advanced Settings generic via filter on the_content --><!-- AddThis Share Buttons generic via filter on the_content -->","protected":false},"excerpt":{"rendered":"<p>Bon dia amics i amigues! Com ja sabeu, aquest dijous, dia 24 de Maig, el Punt va romandre tancat per motius laborals. B\u00e9, doncs, aqu\u00ed us mostro els motius als que me referia&#8230; Vam tenir una reuni\u00f3-presentaci\u00f3 amb els i les nostres companyes dels Punts \u00d2mnia del Barcelon\u00e8s Nord, responsables de Casals C\u00edvics, coordinadors i &#8230; <span class=\"more\"><a class=\"more-link\" href=\"https:\/\/bloc.xarxa-omnia.org\/lasalut\/?p=2804\">[Read more&#8230;]<\/a><\/span><!-- AddThis Advanced Settings generic via filter on get_the_excerpt --><!-- AddThis Share Buttons generic via filter on get_the_excerpt --><\/p>\n","protected":false},"author":135,"featured_media":0,"comment_status":"open","ping_status":"open","sticky":false,"template":"","format":"standard","meta":{"ngg_post_thumbnail":0,"footnotes":""},"categories":[58,223,723,41],"tags":[343,427,1380,29,1379,1378],"class_list":{"0":"entry","1":"post","2":"publish","3":"author-lasalut","4":"post-2804","6":"format-standard","7":"category-activitats","8":"category-calendari","9":"category-dia-a-dia","10":"category-mnia","11":"post_tag-dinamitzadores","12":"post_tag-dinamitzadors","13":"post_tag-palau-de-mar","14":"post_tag-presentacio","15":"post_tag-programa-omnia","16":"post_tag-trobada"},"_links":{"self":[{"href":"https:\/\/bloc.xarxa-omnia.org\/lasalut\/index.php?rest_route=\/wp\/v2\/posts\/2804","targetHints":{"allow":["GET"]}}],"collection":[{"href":"https:\/\/bloc.xarxa-omnia.org\/lasalut\/index.php?rest_route=\/wp\/v2\/posts"}],"about":[{"href":"https:\/\/bloc.xarxa-omnia.org\/lasalut\/index.php?rest_route=\/wp\/v2\/types\/post"}],"author":[{"embeddable":true,"href":"https:\/\/bloc.xarxa-omnia.org\/lasalut\/index.php?rest_route=\/wp\/v2\/users\/135"}],"replies":[{"embeddable":true,"href":"https:\/\/bloc.xarxa-omnia.org\/lasalut\/index.php?rest_route=%2Fwp%2Fv2%2Fcomments&post=2804"}],"version-history":[{"count":8,"href":"https:\/\/bloc.xarxa-omnia.org\/lasalut\/index.php?rest_route=\/wp\/v2\/posts\/2804\/revisions"}],"predecessor-version":[{"id":2816,"href":"https:\/\/bloc.xarxa-omnia.org\/lasalut\/index.php?rest_route=\/wp\/v2\/posts\/2804\/revisions\/2816"}],"wp:attachment":[{"href":"https:\/\/bloc.xarxa-omnia.org\/lasalut\/index.php?rest_route=%2Fwp%2Fv2%2Fmedia&parent=2804"}],"wp:term":[{"taxonomy":"category","embeddable":true,"href":"https:\/\/bloc.xarxa-omnia.org\/lasalut\/index.php?rest_route=%2Fwp%2Fv2%2Fcategories&post=2804"},{"taxonomy":"post_tag","embeddable":true,"href":"https:\/\/bloc.xarxa-omnia.org\/lasalut\/index.php?rest_route=%2Fwp%2Fv2%2Ftags&post=2804"}],"curies":[{"name":"wp","href":"https:\/\/api.w.org\/{rel}","templated":true}]}}