{"id":2846,"date":"2012-09-05T20:12:34","date_gmt":"2012-09-05T18:12:34","guid":{"rendered":"http:\/\/xarxaomnia.gencat.cat\/blocs\/lasalut\/?p=2846"},"modified":"2012-09-07T14:15:11","modified_gmt":"2012-09-07T12:15:11","slug":"tornem-de-les-vacances-amb-nou-horari","status":"publish","type":"post","link":"https:\/\/bloc.xarxa-omnia.org\/lasalut\/?p=2846","title":{"rendered":"Tornem de les vacances amb nou horari!!!"},"content":{"rendered":"<h4 style=\"text-align: justify;\"><span style=\"font-weight: normal;\">Bones gent! Com va aix\u00f2? Com ha anat l&#8217;estiu? Nosaltres ja hem tornat fa un parell de dies amb les piles carregades \ud83d\ude42 Esperem que vosaltres tamb\u00e9 i que us animeu a venir al nostre Punt \u00d2mnia La Salut Alta des de ja! Tenim preparats nous cursos d&#8217;<\/span><em>Iniciaci\u00f3 a l&#8217;ordinador<\/em><span style=\"font-weight: normal;\"> i a m\u00e9s tallers avan\u00e7ats de <\/span><em>Smartphones o\u00a0m\u00f2bils\u00a0t\u00e0ctils<\/em><span style=\"font-weight: normal;\">, aix\u00ed com all\u00f2 que sempre voleu aprendre quan acabeu al curs d&#8217;Internet&#8230;com es deia&#8230;no me&#8217;n recordo ara&#8230;si&#8230;f&#8230;feis&#8230;<\/span><em>Facebook<\/em><span style=\"font-weight: normal;\">! \ud83d\ude09 I tamb\u00e9 <\/span><span style=\"font-weight: normal;\"><em>Twitter<\/em><\/span><span style=\"font-weight: normal;\"> \ud83d\ude1b Molt interessant per aquests temps que estem\u00a0visquin\u00a0ara mateix! <\/span><\/h4>\n<h3 style=\"text-align: justify;\"><span style=\"font-weight: normal;\">Si us voleu inscriure a qualsevol dels nostres cursos podeu venir a partir del <\/span><span style=\"color: #333333;\"><span style=\"text-decoration: underline;\">dilluns 10 de Setembre i fins al dimarts 18 de Setembre<\/span><\/span><span style=\"font-weight: normal;\"> en el seg\u00fcent horari:<\/span><span style=\"color: #333333;\"> <\/span><\/h3>\n<h3 style=\"text-align: justify; padding-left: 60px;\"><span style=\"color: #333333;\"><span style=\"text-decoration: underline;\">Dilluns i dimecres de 15h a 18h.<\/span><\/span><\/h3>\n<h3 style=\"text-align: justify; padding-left: 60px;\"><span style=\"color: #333333;\"><span style=\"text-decoration: underline;\">Dimarts i dijous de 11h a 14h.<\/span><\/span><\/h3>\n<h3 style=\"text-align: center;\"><\/h3>\n<h2 style=\"text-align: center;\"><strong>Ja ho sabeu, us hi esperem!!!<\/strong> \ud83d\ude09<\/h2>\n<h4 style=\"text-align: justify;\"><span style=\"font-weight: normal;\"> <\/span><\/h4>\n<p><a href=\"http:\/\/s1183.photobucket.com\/albums\/x461\/salutalta\/Horari%20Set-Des%202012\/?action=view&amp;current=HorariSet-Des2012_POLaSalutAlta.png\" target=\"_blank\"><img decoding=\"async\" src=\"http:\/\/i1183.photobucket.com\/albums\/x461\/salutalta\/Horari%20Set-Des%202012\/HorariSet-Des2012_POLaSalutAlta.png\" border=\"0\" alt=\"Horari Setembre - Desembre\" \/><\/a><\/p>\n<!-- AddThis Advanced Settings generic via filter on the_content --><!-- AddThis Share Buttons generic via filter on the_content -->","protected":false},"excerpt":{"rendered":"<p>Bones gent! Com va aix\u00f2? Com ha anat l&#8217;estiu? Nosaltres ja hem tornat fa un parell de dies amb les piles carregades \ud83d\ude42 Esperem que vosaltres tamb\u00e9 i que us animeu a venir al nostre Punt \u00d2mnia La Salut Alta des de ja! Tenim preparats nous cursos d&#8217;Iniciaci\u00f3 a l&#8217;ordinador i a m\u00e9s tallers avan\u00e7ats &#8230; <span class=\"more\"><a class=\"more-link\" href=\"https:\/\/bloc.xarxa-omnia.org\/lasalut\/?p=2846\">[Read more&#8230;]<\/a><\/span><!-- AddThis Advanced Settings generic via filter on get_the_excerpt --><!-- AddThis Share Buttons generic via filter on get_the_excerpt --><\/p>\n","protected":false},"author":135,"featured_media":0,"comment_status":"open","ping_status":"open","sticky":false,"template":"","format":"standard","meta":{"ngg_post_thumbnail":0,"footnotes":""},"categories":[58,223,344,723,41],"tags":[1156,1412,726,7874,1410,663,430,993,826,974,1059,1409,1411,423],"class_list":{"0":"entry","1":"post","2":"publish","3":"author-lasalut","4":"post-2846","6":"format-standard","7":"category-activitats","8":"category-calendari","9":"category-cursos","10":"category-dia-a-dia","11":"category-mnia","12":"post_tag-3er-quadrimestre","13":"post_tag-aplicacions","14":"post_tag-aprendre","15":"post_tag-cursos","16":"post_tag-desembre","17":"post_tag-facebook","18":"post_tag-horari","19":"post_tag-iniciacio-a-lordinador","20":"post_tag-inscripcio","21":"post_tag-nous","22":"post_tag-noves-tecnologies","23":"post_tag-setembre","24":"post_tag-smartphones","25":"post_tag-twitter"},"_links":{"self":[{"href":"https:\/\/bloc.xarxa-omnia.org\/lasalut\/index.php?rest_route=\/wp\/v2\/posts\/2846","targetHints":{"allow":["GET"]}}],"collection":[{"href":"https:\/\/bloc.xarxa-omnia.org\/lasalut\/index.php?rest_route=\/wp\/v2\/posts"}],"about":[{"href":"https:\/\/bloc.xarxa-omnia.org\/lasalut\/index.php?rest_route=\/wp\/v2\/types\/post"}],"author":[{"embeddable":true,"href":"https:\/\/bloc.xarxa-omnia.org\/lasalut\/index.php?rest_route=\/wp\/v2\/users\/135"}],"replies":[{"embeddable":true,"href":"https:\/\/bloc.xarxa-omnia.org\/lasalut\/index.php?rest_route=%2Fwp%2Fv2%2Fcomments&post=2846"}],"version-history":[{"count":15,"href":"https:\/\/bloc.xarxa-omnia.org\/lasalut\/index.php?rest_route=\/wp\/v2\/posts\/2846\/revisions"}],"predecessor-version":[{"id":2861,"href":"https:\/\/bloc.xarxa-omnia.org\/lasalut\/index.php?rest_route=\/wp\/v2\/posts\/2846\/revisions\/2861"}],"wp:attachment":[{"href":"https:\/\/bloc.xarxa-omnia.org\/lasalut\/index.php?rest_route=%2Fwp%2Fv2%2Fmedia&parent=2846"}],"wp:term":[{"taxonomy":"category","embeddable":true,"href":"https:\/\/bloc.xarxa-omnia.org\/lasalut\/index.php?rest_route=%2Fwp%2Fv2%2Fcategories&post=2846"},{"taxonomy":"post_tag","embeddable":true,"href":"https:\/\/bloc.xarxa-omnia.org\/lasalut\/index.php?rest_route=%2Fwp%2Fv2%2Ftags&post=2846"}],"curies":[{"name":"wp","href":"https:\/\/api.w.org\/{rel}","templated":true}]}}