{"id":2892,"date":"2012-09-17T12:31:32","date_gmt":"2012-09-17T10:31:32","guid":{"rendered":"http:\/\/xarxaomnia.gencat.cat\/blocs\/lasalut\/?p=2892"},"modified":"2012-09-18T11:51:14","modified_gmt":"2012-09-18T09:51:14","slug":"cursos-de-catala-cpnl","status":"publish","type":"post","link":"https:\/\/bloc.xarxa-omnia.org\/lasalut\/?p=2892","title":{"rendered":"NOUS cursos de CATAL\u00c1 &#8211; Consorci per a la Normalitzaci\u00f3 Ling\u00fc\u00edstica de Badalona i Sant \u00c0dria (CPNL)"},"content":{"rendered":"<h4 style=\"text-align: justify;\">Fa un parell de dies, el <a title=\"Centre de Normalitzaci\u00f3 Ling\u00fc\u00edstica de Badalona\" href=\"http:\/\/www.cpnl.cat\/badalona\" target=\"_blank\">Centre de Normalitzaci\u00f3 Ling\u00fc\u00edstica de Badalona<\/a> i el de <a title=\"Centre de Normalitzaci\u00f3 Ling\u00fc\u00edstica de Sant Adri\u00e0\" href=\"http:\/\/www.cpnl.cat\/santadria\" target=\"_blank\">Sant \u00c0dria<\/a> ens van fer arribar la seg\u00fcent informaci\u00f3 per a la gent que estigui interessada en apuntar-se als <strong>nous cursos de CATAL\u00c0<\/strong> per al curs 2012-2013. Anem, anem, anem!!! Animeu-vos!!! \ud83d\ude09<\/h4>\n<address style=\"text-align: justify;\">Com cada setembre, els <strong>cursos de catal\u00e0 per a persones adultes del CNL de Badalona i Sant Adri\u00e0 <\/strong>inicien el per\u00edode d&#8217;inscripci\u00f3, amb un horari especial d&#8217;atenci\u00f3 al p\u00fablic (fins al 25 de setembre): a <span style=\"text-decoration: underline;\">Badalona<\/span> de 10 a 19 hores ininterrompudament,\u00a0a <span style=\"text-decoration: underline;\">Sant Adri\u00e0 de Bes\u00f2s<\/span> de 10 a 14 hores.<\/address>\n<address style=\"text-align: justify;\">Enguany,\u00a0l&#8217;oferta de <span style=\"text-decoration: underline;\">39 cursos trimestrals<\/span>, presencials i a dist\u00e0ncia s&#8217;amplia amb cursos a dist\u00e0ncia <a title=\"Cursos de CATAL\u00c0 online\" href=\"http:\/\/parla.cat\" target=\"_blank\"><strong>Parla.cat<\/strong><\/a>, als quals cal sumar els de\u00a0tres cursos de nivell superior <strong>(D)<\/strong>,<span style=\"text-decoration: underline;\"> de 100 hores<\/span><strong>.<\/strong><\/address>\n<address style=\"text-align: justify;\">Per als cursos de nivell\u00a0<strong>inicial i b\u00e0sic 1 <\/strong>(per  comen\u00e7ar a aprendre catal\u00e0), la inscripci\u00f3 comen\u00e7a el dia 6 de setembre  i\u00a0\u00e9s oberta tot el mes, sense restriccions de dates.<\/address>\n<address style=\"text-align: justify;\">En\u00a0la resta de nivells, per als <strong>antics alumnes<\/strong> la inscripci\u00f3 comen\u00e7a el dia <span style=\"text-decoration: underline;\">6 de setembre <\/span>(cal consultar els dies establerts per a la inscripci\u00f3 de cada nivell), mentre que per als <strong>nous alumnes <\/strong>comen\u00e7a el <span style=\"text-decoration: underline;\">19 de setembre<\/span>.<\/address>\n<address style=\"text-align: justify;\">Per als cursos de <strong>nivell D <\/strong>(nivell superior), cal fer una preinscripci\u00f3 al <a href=\"http:\/\/www.cpnl.cat\/xarxa\/cnlbadalona\/1207_preinscripcio.html\" target=\"_blank\">formulari<\/a> creat, <span style=\"text-decoration: underline;\">fins al dia 13 de setembre<\/span>. Es tindr\u00e0 en compte l&#8217;ordre d&#8217;arribada de la preinscripci\u00f3.<\/address>\n<address style=\"text-align: justify;\"> Tota la informaci\u00f3 (i la programaci\u00f3 de cursos)\u00a0\u00e9s <a href=\"http:\/\/www.cpnl.cat\/xarxa\/cnlbadalona\/noticies.html?ID=7146\" target=\"_blank\">al nostre web<\/a> i tamb\u00e9 a la p\u00e0gina de <a href=\"http:\/\/www.facebook.com\/CNLBadalonaSantAdria?ref=hl#%21\/CNLBadalonaSantAdria\" target=\"_blank\">Facebook<\/a><br \/>\n<\/address>\n<p style=\"text-align: center;\"><a href=\"http:\/\/s1183.photobucket.com\/albums\/x461\/salutalta\/Cursos%20de%20Catala%202012-2013\/?action=view&amp;current=NousCursosCatala.jpg\" target=\"_blank\"><img decoding=\"async\" class=\"aligncenter\" src=\"http:\/\/i1183.photobucket.com\/albums\/x461\/salutalta\/Cursos%20de%20Catala%202012-2013\/NousCursosCatala.jpg\" border=\"0\" alt=\"NousCursosCatala\" \/><\/a><\/p>\n<!-- AddThis Advanced Settings generic via filter on the_content --><!-- AddThis Share Buttons generic via filter on the_content -->","protected":false},"excerpt":{"rendered":"<p>Fa un parell de dies, el Centre de Normalitzaci\u00f3 Ling\u00fc\u00edstica de Badalona i el de Sant \u00c0dria ens van fer arribar la seg\u00fcent informaci\u00f3 per a la gent que estigui interessada en apuntar-se als nous cursos de CATAL\u00c0 per al curs 2012-2013. Anem, anem, anem!!! Animeu-vos!!! \ud83d\ude09 Com cada setembre, els cursos de catal\u00e0 per &#8230; <span class=\"more\"><a class=\"more-link\" href=\"https:\/\/bloc.xarxa-omnia.org\/lasalut\/?p=2892\">[Read more&#8230;]<\/a><\/span><!-- AddThis Advanced Settings generic via filter on get_the_excerpt --><!-- AddThis Share Buttons generic via filter on get_the_excerpt --><\/p>\n","protected":false},"author":135,"featured_media":0,"comment_status":"open","ping_status":"open","sticky":false,"template":"","format":"standard","meta":{"ngg_post_thumbnail":0,"footnotes":""},"categories":[58,223,344],"tags":[937,1444,138,326,1439,1447,1438,1442,1246,1443,1445,1441,1448,1440,1446],"class_list":{"0":"entry","1":"post","2":"publish","3":"author-lasalut","4":"post-2892","6":"format-standard","7":"category-activitats","8":"category-calendari","9":"category-cursos","10":"post_tag-badalona","11":"post_tag-basic","12":"post_tag-catala","13":"post_tag-catalunya","14":"post_tag-centre-de-normalitzacio-linguistica","15":"post_tag-consorci-per-a-la-normalitzacio-linguistica","16":"post_tag-cpnl","17":"post_tag-curs-2012-2013","18":"post_tag-gratuit","19":"post_tag-inicial","20":"post_tag-nivell","21":"post_tag-nous-cursos","22":"post_tag-parla-cat","23":"post_tag-sant-adria","24":"post_tag-superior"},"_links":{"self":[{"href":"https:\/\/bloc.xarxa-omnia.org\/lasalut\/index.php?rest_route=\/wp\/v2\/posts\/2892","targetHints":{"allow":["GET"]}}],"collection":[{"href":"https:\/\/bloc.xarxa-omnia.org\/lasalut\/index.php?rest_route=\/wp\/v2\/posts"}],"about":[{"href":"https:\/\/bloc.xarxa-omnia.org\/lasalut\/index.php?rest_route=\/wp\/v2\/types\/post"}],"author":[{"embeddable":true,"href":"https:\/\/bloc.xarxa-omnia.org\/lasalut\/index.php?rest_route=\/wp\/v2\/users\/135"}],"replies":[{"embeddable":true,"href":"https:\/\/bloc.xarxa-omnia.org\/lasalut\/index.php?rest_route=%2Fwp%2Fv2%2Fcomments&post=2892"}],"version-history":[{"count":9,"href":"https:\/\/bloc.xarxa-omnia.org\/lasalut\/index.php?rest_route=\/wp\/v2\/posts\/2892\/revisions"}],"predecessor-version":[{"id":2901,"href":"https:\/\/bloc.xarxa-omnia.org\/lasalut\/index.php?rest_route=\/wp\/v2\/posts\/2892\/revisions\/2901"}],"wp:attachment":[{"href":"https:\/\/bloc.xarxa-omnia.org\/lasalut\/index.php?rest_route=%2Fwp%2Fv2%2Fmedia&parent=2892"}],"wp:term":[{"taxonomy":"category","embeddable":true,"href":"https:\/\/bloc.xarxa-omnia.org\/lasalut\/index.php?rest_route=%2Fwp%2Fv2%2Fcategories&post=2892"},{"taxonomy":"post_tag","embeddable":true,"href":"https:\/\/bloc.xarxa-omnia.org\/lasalut\/index.php?rest_route=%2Fwp%2Fv2%2Ftags&post=2892"}],"curies":[{"name":"wp","href":"https:\/\/api.w.org\/{rel}","templated":true}]}}