{"id":2947,"date":"2012-11-06T16:27:07","date_gmt":"2012-11-06T14:27:07","guid":{"rendered":"http:\/\/xarxaomnia.gencat.cat\/blocs\/lasalut\/?p=2947"},"modified":"2012-11-06T16:42:26","modified_gmt":"2012-11-06T14:42:26","slug":"festa-ubuntaire-quantal-quetzal-10-de-novembre","status":"publish","type":"post","link":"https:\/\/bloc.xarxa-omnia.org\/lasalut\/?p=2947","title":{"rendered":"Festa Ubuntaire Quantal Quetzal &gt;&gt;&gt; 10 de novembre"},"content":{"rendered":"<h4 style=\"text-align: justify;\">Tenim el gran honor i il\u00b7lusi\u00f3 de anunciar-vos que aquest dissabte, 10 de Novembre, es celebra al <a title=\"Punt \u00d2mnia Grup Uni\u00f3\" href=\"http:\/\/www.xarxa-omnia.org\/grupounion\/\" target=\"_self\">Punt \u00d2mnia Grup Uni\u00f3<\/a> de La Mina a Sant Adri\u00e0 del Bes\u00f3s la <a title=\"Festa Ubuntaire Quantal Quetzal\" href=\"https:\/\/wiki.ubuntu.com\/CatalanTeam\/Activitats\/QuantalQuetzal#graellaActivitats\" target=\"_self\">Festa Ubuntaire Quantal Quetzal<\/a> amb motiu del llan\u00e7ament de la nova versi\u00f3 d&#8217;Ubuntu Quantal Quetzal.<\/h4>\n<h4 style=\"text-align: justify;\">Aqu\u00ed us transcrivim el missatge que ells ens han fet arribar per difondre aquest acte tan especial per a tots i totes nosaltres que ens agrada tant el programari i maquinari lliure!!! \ud83d\ude00<\/h4>\n<div style=\"text-align: justify;\">\n<h4 style=\"text-align: justify;\"><span style=\"color: #ffcc00;\"><span style=\"text-decoration: underline;\">Aquest dissabte, de 10 a 18.00h<\/span><\/span> en coordinaci\u00f3 amb  el grup local d&#8217;usuaris d&#8217;Ubuntu en catal\u00e0 (els <a title=\"Ubuntu en Catal\u00e0 - Ubuntaires\" href=\"http:\/\/www.ubuntu.cat\" target=\"_self\">Ubuntaires<\/a>) i el <a title=\"Joves TEB\" href=\"http:\/\/jovesteb.org\/\" target=\"_self\">TEB<\/a>, farem la  <a title=\"Festa Ubuntaire Quantal Quetzal\" href=\"https:\/\/wiki.ubuntu.com\/CatalanTeam\/Activitats\/QuantalQuetzal#graellaActivitats\" target=\"_self\">Festa de Llan\u00e7ament de la nova versi\u00f3 d&#8217;aquest SO, la 12.10 o Quantal Quetzal<\/a>.  Aquestes festes s&#8217;organitzen arreu del m\u00f3n, i l&#8217;equip d&#8217;ubuntaires en catal\u00e0 hi  ha participat sempre de forma molt activa, procurant fer-la a diferents llocs  del territori.<\/h4>\n<div style=\"text-align: justify;\">\n<h4 style=\"text-align: justify;\">En aquests esdeveniments es pret\u00e9n difondre i  apropar el programari lliure en general, i m\u00e9s concretament l&#8217;Ubuntu, al p\u00fablic  en general, proposant-los xerrades, tallers i, si aix\u00ed ho volen, ajudant-los a  insta<span style=\"font-size: x-small;\">l\u00b7<\/span>lar l&#8217;Ubuntu al seu ordinador. No estan, per tant, enfocats a persones amb  grans coneixements t\u00e8cnics, tot i que tamb\u00e9 s&#8217;hi poden trobar activitats m\u00e9s  avan\u00e7ades, si s&#8217;escau.<\/h4>\n<h4>Si  consulteu el programa d&#8217;activitats veureu la  participaci\u00f3 d&#8217;experts i  desenvolupadors en diferents \u00e0mbits: l&#8217;escriptori  Unity, Lubuntu,  Ubuntu a l&#8217;\u00d2mnia, Maquinari lliure. D&#8217;altra banda, com tamb\u00e9 \u00e9s   habitual, durant tota la jornada, i en paral\u00b7lel a la resta d&#8217;activitats, tindrem  una festa d&#8217;instal\u00b7llaci\u00f3 (Install Party) de l&#8217;Ubuntu, on es donar\u00e0 suport per  insta\u00b7lar-lo  als ordinadors d&#8217;aquelles persones que el portin, aix\u00ed com per  aclarir  els dubtes que puguin sorgir. Evidentment, tot aix\u00f2 ser\u00e0 de forma   totalment gratu\u00efta; nom\u00e9s caldr\u00e0 inscriure&#8217;s-hi.<\/h4>\n<h4 style=\"text-align: justify;\">\n<div style=\"text-align: justify;\">\n<h4>Com heu llegit la Festa \u00e9s completament <span style=\"color: #ff9900;\"><span style=\"text-decoration: underline;\"><strong>gratu\u00efta<\/strong><\/span><\/span> i nom\u00e9s cal inscriure&#8217;s-hi fent click &gt;&gt;&gt; <strong><a title=\"INSCRIU-TE!\" href=\"http:\/\/www.ubuntu.cat\/FestaQuantal\" target=\"_self\">AQU\u00cd!<\/a><\/strong><\/h4>\n<p><a href=\"http:\/\/s1183.beta.photobucket.com\/user\/salutalta\/library\/Cartel%20-%20Festa%20Ubuntu%20Quantal%20Quetzal\" target=\"_blank\"><img decoding=\"async\" src=\"http:\/\/i1183.photobucket.com\/albums\/x461\/salutalta\/Cartel%20-%20Festa%20Ubuntu%20Quantal%20Quetzal\/cartell_festaubuntaire_v40.jpg\" border=\"0\" alt=\"cartell_festaubuntaire_v40\"\/><\/a><\/p>\n<\/div>\n<\/h4>\n<\/div>\n<\/div>\n<!-- AddThis Advanced Settings generic via filter on the_content --><!-- AddThis Share Buttons generic via filter on the_content -->","protected":false},"excerpt":{"rendered":"<p>Tenim el gran honor i il\u00b7lusi\u00f3 de anunciar-vos que aquest dissabte, 10 de Novembre, es celebra al Punt \u00d2mnia Grup Uni\u00f3 de La Mina a Sant Adri\u00e0 del Bes\u00f3s la Festa Ubuntaire Quantal Quetzal amb motiu del llan\u00e7ament de la nova versi\u00f3 d&#8217;Ubuntu Quantal Quetzal. Aqu\u00ed us transcrivim el missatge que ells ens han fet &#8230; <span class=\"more\"><a class=\"more-link\" href=\"https:\/\/bloc.xarxa-omnia.org\/lasalut\/?p=2947\">[Read more&#8230;]<\/a><\/span><!-- AddThis Advanced Settings generic via filter on get_the_excerpt --><!-- AddThis Share Buttons generic via filter on get_the_excerpt --><\/p>\n","protected":false},"author":135,"featured_media":0,"comment_status":"open","ping_status":"open","sticky":false,"template":"","format":"standard","meta":{"ngg_post_thumbnail":0,"footnotes":""},"categories":[58,223,41],"tags":[690,1501,662,1497,251,1382,1499,1498,1500,1503,1496,1502],"class_list":{"0":"entry","1":"post","2":"publish","3":"author-lasalut","4":"post-2947","6":"format-standard","7":"category-activitats","8":"category-calendari","9":"category-mnia","10":"post_tag-festa","11":"post_tag-joves-teb","12":"post_tag-la-mina","13":"post_tag-maquinari-lliure","14":"post_tag-programari-lliure","15":"post_tag-punt-omnia-del-grupo-union-la-mina","16":"post_tag-punt-omnia-grupo-union","17":"post_tag-quantal-quetzal","18":"post_tag-sant-adria-de-besos","19":"post_tag-ubuntaire","20":"post_tag-ubuntu","21":"post_tag-ubuntu-cat"},"_links":{"self":[{"href":"https:\/\/bloc.xarxa-omnia.org\/lasalut\/index.php?rest_route=\/wp\/v2\/posts\/2947","targetHints":{"allow":["GET"]}}],"collection":[{"href":"https:\/\/bloc.xarxa-omnia.org\/lasalut\/index.php?rest_route=\/wp\/v2\/posts"}],"about":[{"href":"https:\/\/bloc.xarxa-omnia.org\/lasalut\/index.php?rest_route=\/wp\/v2\/types\/post"}],"author":[{"embeddable":true,"href":"https:\/\/bloc.xarxa-omnia.org\/lasalut\/index.php?rest_route=\/wp\/v2\/users\/135"}],"replies":[{"embeddable":true,"href":"https:\/\/bloc.xarxa-omnia.org\/lasalut\/index.php?rest_route=%2Fwp%2Fv2%2Fcomments&post=2947"}],"version-history":[{"count":13,"href":"https:\/\/bloc.xarxa-omnia.org\/lasalut\/index.php?rest_route=\/wp\/v2\/posts\/2947\/revisions"}],"predecessor-version":[{"id":2960,"href":"https:\/\/bloc.xarxa-omnia.org\/lasalut\/index.php?rest_route=\/wp\/v2\/posts\/2947\/revisions\/2960"}],"wp:attachment":[{"href":"https:\/\/bloc.xarxa-omnia.org\/lasalut\/index.php?rest_route=%2Fwp%2Fv2%2Fmedia&parent=2947"}],"wp:term":[{"taxonomy":"category","embeddable":true,"href":"https:\/\/bloc.xarxa-omnia.org\/lasalut\/index.php?rest_route=%2Fwp%2Fv2%2Fcategories&post=2947"},{"taxonomy":"post_tag","embeddable":true,"href":"https:\/\/bloc.xarxa-omnia.org\/lasalut\/index.php?rest_route=%2Fwp%2Fv2%2Ftags&post=2947"}],"curies":[{"name":"wp","href":"https:\/\/api.w.org\/{rel}","templated":true}]}}