{"id":2975,"date":"2012-11-26T21:02:05","date_gmt":"2012-11-26T19:02:05","guid":{"rendered":"http:\/\/xarxaomnia.gencat.cat\/blocs\/lasalut\/?p=2975"},"modified":"2014-03-14T15:24:06","modified_gmt":"2014-03-14T13:24:06","slug":"nous-cursos-de-catala-cnl-badalona-i-sant-adria","status":"publish","type":"post","link":"https:\/\/bloc.xarxa-omnia.org\/lasalut\/?p=2975","title":{"rendered":"Nous cursos de CATAL\u00c0 &#8211; CNL Badalona i Sant Adri\u00e0"},"content":{"rendered":"<h4 style=\"text-align: justify;\">Atenci\u00f3, atenci\u00f3! Tots i totes aquells i aquelles que vulguin fer CURS de CATAL\u00c0 que sapigueu que al GENER comencen les noves classes al <a title=\"CNL de Badalona i Sant Adri\u00e0\" href=\"http:\/\/www.cpnl.cat\/xarxa\/cnlbadalona\/\" target=\"_self\">Centre de Normalitzaci\u00f3 Ling\u00fc\u00edstica de Badalona i Sant Adri\u00e0<\/a>.<\/h4>\n<h4 style=\"text-align: justify;\">La <span style=\"text-decoration: underline;\">inscripci\u00f3 preferent comen\u00e7a el <strong>dia 28 de novembre <\/strong><\/span>i la <span style=\"text-decoration: underline;\">inscripci\u00f3 general, el <strong>dia 12 de desembre.<\/strong><\/span><\/h4>\n<h4 style=\"text-align: justify;\"><\/h4>\n<h4 style=\"text-align: justify;\">L&#8217;horari d&#8217;atenci\u00f3 al p\u00fablic \u00e9s:<\/h4>\n<h4 style=\"text-align: justify;\"><\/h4>\n<h4 style=\"text-align: justify; padding-left: 60px;\">&#8212;&gt; Badalona (av. d&#8217;Alfons XIII, 14, entl. 1a): de dilluns a divendres de 10 a 13 h; de dilluns a dijous de 15.30 a 17.30 hores.<\/h4>\n<h4 style=\"text-align: justify;\"><\/h4>\n<h4 style=\"text-align: justify; padding-left: 60px;\">&#8212;&gt; Sant Adri\u00e0 de Bes\u00f2s (pl. de Guillermo Vida\u00f1a, s\/n -Edifici Polidor): de dilluns a divendres de 10 a 13 hores.<\/h4>\n<h4 style=\"text-align: justify;\"><\/h4>\n<h4 style=\"text-align: justify;\">Si voleu m\u00e9s informaci\u00f3, feu un clic <a title=\"Nous cursos de CATAL\u00c0 de Gener al CNL Badalona - Sant Adri\u00e0\" href=\"http:\/\/www.cpnl.cat\/xarxa\/cnlbadalona\/noticies.html?ID=7803\" target=\"_self\">aqu\u00ed<\/a> &gt;&gt;&gt;<a href=\"http:\/\/www.cpnl.cat\/xarxa\/cnlbadalona\/noticies.html?ID=7803\" target=\"_blank\"> http:\/\/www.cpnl.cat\/xarxa\/cnlbadalona\/noticies.html?ID=7803<\/a><\/h4>\n<p><a title=\"View Cursos de Catal\u00e0 - Gener 2013 - CNL Badalona i Sant Adri\u00e0 on Scribd\" href=\"http:\/\/www.scribd.com\/doc\/114490439\/Cursos-de-Catala-Gener-2013-CNL-Badalona-i-Sant-Adria\" style=\"margin: 12px auto 6px auto; font-family: Helvetica,Arial,Sans-serif; font-style: normal; font-variant: normal; font-weight: normal; font-size: 14px; line-height: normal; font-size-adjust: none; font-stretch: normal; -x-system-font: none; display: block; text-decoration: underline;\">Cursos de Catal\u00e0 &#8211; Gener 2013 &#8211; CNL Badalona i Sant Adri\u00e0<\/a><iframe loading=\"lazy\" class=\"scribd_iframe_embed\" src=\"http:\/\/www.scribd.com\/embeds\/114490439\/content?start_page=1&#038;view_mode=slideshow&#038;access_key=key-7n28uc527v36s7q3i32\" data-auto-height=\"false\" data-aspect-ratio=\"1.41108545034642\" scrolling=\"no\" id=\"doc_94917\" width=\"510\" height=\"680\" frameborder=\"0\"><\/iframe><\/p>\n<!-- AddThis Advanced Settings generic via filter on the_content --><!-- AddThis Share Buttons generic via filter on the_content -->","protected":false},"excerpt":{"rendered":"<p>Atenci\u00f3, atenci\u00f3! Tots i totes aquells i aquelles que vulguin fer CURS de CATAL\u00c0 que sapigueu que al GENER comencen les noves classes al Centre de Normalitzaci\u00f3 Ling\u00fc\u00edstica de Badalona i Sant Adri\u00e0. La inscripci\u00f3 preferent comen\u00e7a el dia 28 de novembre i la inscripci\u00f3 general, el dia 12 de desembre. L&#8217;horari d&#8217;atenci\u00f3 al p\u00fablic &#8230; <span class=\"more\"><a class=\"more-link\" href=\"https:\/\/bloc.xarxa-omnia.org\/lasalut\/?p=2975\">[Read more&#8230;]<\/a><\/span><!-- AddThis Advanced Settings generic via filter on get_the_excerpt --><!-- AddThis Share Buttons generic via filter on get_the_excerpt --><\/p>\n","protected":false},"author":135,"featured_media":0,"comment_status":"closed","ping_status":"open","sticky":false,"template":"","format":"standard","meta":{"ngg_post_thumbnail":0,"footnotes":""},"categories":[58,223,344],"tags":[1519,937,138,1439,872,1518,7874,1248,1520,974,1440],"class_list":{"0":"entry","1":"post","2":"publish","3":"author-lasalut","4":"post-2975","6":"format-standard","7":"category-activitats","8":"category-calendari","9":"category-cursos","10":"post_tag-1519","11":"post_tag-badalona","12":"post_tag-catala","13":"post_tag-centre-de-normalitzacio-linguistica","14":"post_tag-classes","15":"post_tag-cnl","16":"post_tag-cursos","17":"post_tag-gener","18":"post_tag-nivells","19":"post_tag-nous","20":"post_tag-sant-adria"},"_links":{"self":[{"href":"https:\/\/bloc.xarxa-omnia.org\/lasalut\/index.php?rest_route=\/wp\/v2\/posts\/2975","targetHints":{"allow":["GET"]}}],"collection":[{"href":"https:\/\/bloc.xarxa-omnia.org\/lasalut\/index.php?rest_route=\/wp\/v2\/posts"}],"about":[{"href":"https:\/\/bloc.xarxa-omnia.org\/lasalut\/index.php?rest_route=\/wp\/v2\/types\/post"}],"author":[{"embeddable":true,"href":"https:\/\/bloc.xarxa-omnia.org\/lasalut\/index.php?rest_route=\/wp\/v2\/users\/135"}],"replies":[{"embeddable":true,"href":"https:\/\/bloc.xarxa-omnia.org\/lasalut\/index.php?rest_route=%2Fwp%2Fv2%2Fcomments&post=2975"}],"version-history":[{"count":4,"href":"https:\/\/bloc.xarxa-omnia.org\/lasalut\/index.php?rest_route=\/wp\/v2\/posts\/2975\/revisions"}],"predecessor-version":[{"id":3248,"href":"https:\/\/bloc.xarxa-omnia.org\/lasalut\/index.php?rest_route=\/wp\/v2\/posts\/2975\/revisions\/3248"}],"wp:attachment":[{"href":"https:\/\/bloc.xarxa-omnia.org\/lasalut\/index.php?rest_route=%2Fwp%2Fv2%2Fmedia&parent=2975"}],"wp:term":[{"taxonomy":"category","embeddable":true,"href":"https:\/\/bloc.xarxa-omnia.org\/lasalut\/index.php?rest_route=%2Fwp%2Fv2%2Fcategories&post=2975"},{"taxonomy":"post_tag","embeddable":true,"href":"https:\/\/bloc.xarxa-omnia.org\/lasalut\/index.php?rest_route=%2Fwp%2Fv2%2Ftags&post=2975"}],"curies":[{"name":"wp","href":"https:\/\/api.w.org\/{rel}","templated":true}]}}