{"id":3210,"date":"2014-01-03T11:34:10","date_gmt":"2014-01-03T09:34:10","guid":{"rendered":"http:\/\/xarxaomnia.gencat.cat\/blocs\/lasalut\/?p=3210"},"modified":"2014-03-14T15:23:43","modified_gmt":"2014-03-14T13:23:43","slug":"obert-nou-periode-dinscripcions-per-al-1er-quadrimestre-del-2014","status":"publish","type":"post","link":"https:\/\/bloc.xarxa-omnia.org\/lasalut\/?p=3210","title":{"rendered":"Obert nou periode d&#8217;inscripcions per al 1er quadrimestre del 2014!!!"},"content":{"rendered":"<h4 style=\"text-align: justify;\">Bon dia nens i nenes!<\/h4>\n<h4 style=\"text-align: justify;\">Com han anat les vacances? I l&#8217;entrada al nou any,? Que, per cert, us desitgem que sigui millor que l&#8217;anterior&#8230;<\/h4>\n<h4 style=\"text-align: justify;\">Nosaltres hem tornat amb alegria i nous cursos i activitats per a vosaltres, per a comen\u00e7ar aqu\u00ed us deixem el nou horari per als mesos de Gener a Abril de 2014.<\/h4>\n<p><a href=\"http:\/\/s1183.photobucket.com\/user\/salutalta\/media\/HORARIS\/2014\/HorariGen-Abril2014POSALUTALTA_zps2d063c8e.png.html\" target=\"_blank\"><img decoding=\"async\" src=\"http:\/\/i1183.photobucket.com\/albums\/x461\/salutalta\/HORARIS\/2014\/HorariGen-Abril2014POSALUTALTA_zps2d063c8e.png\" border=\"0\" alt=\" photo HorariGen-Abril2014POSALUTALTA_zps2d063c8e.png\"\/><\/a><\/p>\n<h4 style=\"text-align: left;\">Els horaris d&#8217;inscripci\u00f3 s\u00f3n els seg\u00fcents:<\/h4>\n<p><!-- P { margin-bottom: 0.21cm; direction: ltr; color: rgb(0, 0, 0); }P.western { font-family: \"Times New Roman\",serif; font-size: 12pt; }P.cjk { font-family: \"DejaVu Sans\"; font-size: 12pt; }P.ctl { font-family: \"Lohit Hindi\"; font-size: 12pt; } --><\/p>\n<p style=\"text-align: center;\"><span style=\"font-family: Gentium Book Basic;\"><span style=\"font-size: x-large;\"><strong>Del 07 al 10 de Gener de 2013<\/strong><\/span><\/span><\/p>\n<h3 style=\"text-align: center;\"><span style=\"font-family: Gentium Book Basic;\"><span style=\"font-size: large;\"><strong>Dimarts, \tdimecres<\/strong><\/span><\/span><span style=\"font-family: Gentium Book Basic;\"><span style=\"font-size: large;\"> i <\/span><\/span><span style=\"font-family: Gentium Book Basic;\"><span style=\"font-size: large;\"><strong>divendres <\/strong><\/span><\/span><span style=\"font-family: Gentium Book Basic;\"><span style=\"font-size: large;\">de <\/span><\/span><span style=\"font-family: Gentium Book Basic;\"><span style=\"font-size: large;\"><strong>12 \ta 2h<\/strong><\/span><\/span><span style=\"font-family: Gentium Book Basic;\"><span style=\"font-size: large;\"> del migdia.<strong> <\/strong><\/span><\/span><\/h3>\n<h3 style=\"text-align: center;\"><span style=\"font-family: Gentium Book Basic;\"><span style=\"font-size: large;\"><strong>Dimarts<\/strong><\/span><\/span><span style=\"font-family: Gentium Book Basic;\"><span style=\"font-size: large;\"> i <\/span><\/span><span style=\"font-family: Gentium Book Basic;\"><span style=\"font-size: large;\"><strong>dijous <\/strong><\/span><\/span><span style=\"font-family: Gentium Book Basic;\"><span style=\"font-size: large;\">de <\/span><\/span><span style=\"font-family: Gentium Book Basic;\"><span style=\"font-size: large;\"><strong>3 \ta 5h<\/strong><\/span><\/span><span style=\"font-family: Gentium Book Basic;\"><span style=\"font-size: large;\"> de la tarda.<\/span><\/span><\/h3>\n<!-- AddThis Advanced Settings generic via filter on the_content --><!-- AddThis Share Buttons generic via filter on the_content -->","protected":false},"excerpt":{"rendered":"<p>Bon dia nens i nenes! Com han anat les vacances? I l&#8217;entrada al nou any,? Que, per cert, us desitgem que sigui millor que l&#8217;anterior&#8230; Nosaltres hem tornat amb alegria i nous cursos i activitats per a vosaltres, per a comen\u00e7ar aqu\u00ed us deixem el nou horari per als mesos de Gener a Abril de &#8230; <span class=\"more\"><a class=\"more-link\" href=\"https:\/\/bloc.xarxa-omnia.org\/lasalut\/?p=3210\">[Read more&#8230;]<\/a><\/span><!-- AddThis Advanced Settings generic via filter on get_the_excerpt --><!-- AddThis Share Buttons generic via filter on get_the_excerpt --><\/p>\n","protected":false},"author":135,"featured_media":0,"comment_status":"closed","ping_status":"open","sticky":false,"template":"","format":"standard","meta":{"ngg_post_thumbnail":0,"footnotes":""},"categories":[58,223,344,41],"tags":[1622,135,7874,430,1152,1748],"class_list":{"0":"entry","1":"post","2":"publish","3":"author-lasalut","4":"post-3210","6":"format-standard","7":"category-activitats","8":"category-calendari","9":"category-cursos","10":"category-mnia","11":"post_tag-1er-quadrimestre","12":"post_tag-135","13":"post_tag-cursos","14":"post_tag-horari","15":"post_tag-inscripcions","16":"post_tag-nous-tallers"},"_links":{"self":[{"href":"https:\/\/bloc.xarxa-omnia.org\/lasalut\/index.php?rest_route=\/wp\/v2\/posts\/3210","targetHints":{"allow":["GET"]}}],"collection":[{"href":"https:\/\/bloc.xarxa-omnia.org\/lasalut\/index.php?rest_route=\/wp\/v2\/posts"}],"about":[{"href":"https:\/\/bloc.xarxa-omnia.org\/lasalut\/index.php?rest_route=\/wp\/v2\/types\/post"}],"author":[{"embeddable":true,"href":"https:\/\/bloc.xarxa-omnia.org\/lasalut\/index.php?rest_route=\/wp\/v2\/users\/135"}],"replies":[{"embeddable":true,"href":"https:\/\/bloc.xarxa-omnia.org\/lasalut\/index.php?rest_route=%2Fwp%2Fv2%2Fcomments&post=3210"}],"version-history":[{"count":7,"href":"https:\/\/bloc.xarxa-omnia.org\/lasalut\/index.php?rest_route=\/wp\/v2\/posts\/3210\/revisions"}],"predecessor-version":[{"id":3218,"href":"https:\/\/bloc.xarxa-omnia.org\/lasalut\/index.php?rest_route=\/wp\/v2\/posts\/3210\/revisions\/3218"}],"wp:attachment":[{"href":"https:\/\/bloc.xarxa-omnia.org\/lasalut\/index.php?rest_route=%2Fwp%2Fv2%2Fmedia&parent=3210"}],"wp:term":[{"taxonomy":"category","embeddable":true,"href":"https:\/\/bloc.xarxa-omnia.org\/lasalut\/index.php?rest_route=%2Fwp%2Fv2%2Fcategories&post=3210"},{"taxonomy":"post_tag","embeddable":true,"href":"https:\/\/bloc.xarxa-omnia.org\/lasalut\/index.php?rest_route=%2Fwp%2Fv2%2Ftags&post=3210"}],"curies":[{"name":"wp","href":"https:\/\/api.w.org\/{rel}","templated":true}]}}