{"id":3684,"date":"2015-04-20T12:28:59","date_gmt":"2015-04-20T10:28:59","guid":{"rendered":"http:\/\/xarxaomnia.gencat.cat\/blocs\/lasalut\/?p=3684"},"modified":"2015-04-22T10:35:02","modified_gmt":"2015-04-22T08:35:02","slug":"st-jordi-al-punt-omnia","status":"publish","type":"post","link":"https:\/\/bloc.xarxa-omnia.org\/lasalut\/?p=3684","title":{"rendered":"St Jordi al Punt Omnia"},"content":{"rendered":"<p>El Punt Omnia s&#8217;ha adherit a la celebraci\u00f3 conjunta que es far\u00e0 al barri de la festa de St. Jordi.<\/p>\n<p>El proper dijous 23 hi serem presents a la pla\u00e7a Antonio Machado amb un taller on podreu fer en el nostre stand un escut, un drac o una rosa!! Per\u00f2 hi hauran moltes m\u00e9s activitats!!<\/p>\n<div>17:00 inici dels tallers: ginkana, tallers d&#8217;escuts i roses, dracs, m\u00fasica&#8230;<\/div>\n<div>18:30 xocolatada<\/div>\n<div>19:00 fi dels tallers i recollida<\/div>\n<p>Us hi esperem.<\/p>\n<p><a href=\"http:\/\/xarxaomnia.gencat.cat\/blocs\/lasalut\/files\/2015\/04\/CAM00619.jpg\"><img loading=\"lazy\" decoding=\"async\" class=\" size-medium wp-image-3685 aligncenter\" src=\"http:\/\/xarxaomnia.gencat.cat\/blocs\/lasalut\/files\/2015\/04\/CAM00619-235x300.jpg\" alt=\"CAM00619\" width=\"235\" height=\"300\" srcset=\"https:\/\/bloc.xarxa-omnia.org\/lasalut\/files\/2015\/04\/CAM00619-235x300.jpg 235w, https:\/\/bloc.xarxa-omnia.org\/lasalut\/files\/2015\/04\/CAM00619.jpg 768w\" sizes=\"auto, (max-width: 235px) 100vw, 235px\" \/><\/a><\/p>\n<!-- AddThis Advanced Settings generic via filter on the_content --><!-- AddThis Share Buttons generic via filter on the_content -->","protected":false},"excerpt":{"rendered":"<p>El Punt Omnia s&#8217;ha adherit a la celebraci\u00f3 conjunta que es far\u00e0 al barri de la festa de St. Jordi. El proper dijous 23 hi serem presents a la pla\u00e7a Antonio Machado amb un taller on podreu fer en el nostre stand un escut, un drac o una rosa!! Per\u00f2 hi hauran moltes m\u00e9s activitats!! &#8230; <span class=\"more\"><a class=\"more-link\" href=\"https:\/\/bloc.xarxa-omnia.org\/lasalut\/?p=3684\">[Read more&#8230;]<\/a><\/span><!-- AddThis Advanced Settings generic via filter on get_the_excerpt --><!-- AddThis Share Buttons generic via filter on get_the_excerpt --><\/p>\n","protected":false},"author":135,"featured_media":0,"comment_status":"closed","ping_status":"closed","sticky":false,"template":"","format":"standard","meta":{"ngg_post_thumbnail":0,"footnotes":""},"categories":[5668,41],"tags":[5712,1268,5717],"class_list":{"0":"entry","1":"post","2":"publish","3":"author-lasalut","4":"post-3684","6":"format-standard","7":"category-esdeveniments-del-barriciutat","8":"category-mnia","9":"post_tag-5712","10":"post_tag-abril","11":"post_tag-st-jordi"},"_links":{"self":[{"href":"https:\/\/bloc.xarxa-omnia.org\/lasalut\/index.php?rest_route=\/wp\/v2\/posts\/3684","targetHints":{"allow":["GET"]}}],"collection":[{"href":"https:\/\/bloc.xarxa-omnia.org\/lasalut\/index.php?rest_route=\/wp\/v2\/posts"}],"about":[{"href":"https:\/\/bloc.xarxa-omnia.org\/lasalut\/index.php?rest_route=\/wp\/v2\/types\/post"}],"author":[{"embeddable":true,"href":"https:\/\/bloc.xarxa-omnia.org\/lasalut\/index.php?rest_route=\/wp\/v2\/users\/135"}],"replies":[{"embeddable":true,"href":"https:\/\/bloc.xarxa-omnia.org\/lasalut\/index.php?rest_route=%2Fwp%2Fv2%2Fcomments&post=3684"}],"version-history":[{"count":3,"href":"https:\/\/bloc.xarxa-omnia.org\/lasalut\/index.php?rest_route=\/wp\/v2\/posts\/3684\/revisions"}],"predecessor-version":[{"id":3688,"href":"https:\/\/bloc.xarxa-omnia.org\/lasalut\/index.php?rest_route=\/wp\/v2\/posts\/3684\/revisions\/3688"}],"wp:attachment":[{"href":"https:\/\/bloc.xarxa-omnia.org\/lasalut\/index.php?rest_route=%2Fwp%2Fv2%2Fmedia&parent=3684"}],"wp:term":[{"taxonomy":"category","embeddable":true,"href":"https:\/\/bloc.xarxa-omnia.org\/lasalut\/index.php?rest_route=%2Fwp%2Fv2%2Fcategories&post=3684"},{"taxonomy":"post_tag","embeddable":true,"href":"https:\/\/bloc.xarxa-omnia.org\/lasalut\/index.php?rest_route=%2Fwp%2Fv2%2Ftags&post=3684"}],"curies":[{"name":"wp","href":"https:\/\/api.w.org\/{rel}","templated":true}]}}