{"id":3758,"date":"2015-07-17T11:18:35","date_gmt":"2015-07-17T09:18:35","guid":{"rendered":"http:\/\/xarxaomnia.gencat.cat\/blocs\/lasalut\/?p=3758"},"modified":"2015-07-17T11:18:35","modified_gmt":"2015-07-17T09:18:35","slug":"el-barri-a-traves-de-lobjectiu","status":"publish","type":"post","link":"https:\/\/bloc.xarxa-omnia.org\/lasalut\/?p=3758","title":{"rendered":"El barri a trav\u00e9s de l&#8217;objectiu"},"content":{"rendered":"<p>La propera setmana el punt omnia realitzar\u00e0 un curs fora de les aules. Amb l&#8217; &#8220;excusa&#8221; de coneixer el barri i retratar diversos espais farem un curs de fotografia b\u00e0sica i despr\u00e9s descarregarem les fotografies. A m\u00e9s a m\u00e9s treballarem amb elles.<br \/>\nEs pot participar ja sigui amb c\u00e0mara digital o m\u00f2bil.<\/p>\n<p><b>El curs se realizar\u00e1 los d\u00edas 23 , 24 i 28 de julio de 11.30 a13 horas.<\/b><\/p>\n<p>Els que estigueu interessats podeu contactar a trav\u00e9s del correu o passant pel centre.<\/p>\n<p><a href=\"http:\/\/xarxaomnia.gencat.cat\/blocs\/lasalut\/files\/2015\/07\/badalona.jpg\"><img loading=\"lazy\" decoding=\"async\" class=\" size-medium wp-image-3759 aligncenter\" src=\"http:\/\/xarxaomnia.gencat.cat\/blocs\/lasalut\/files\/2015\/07\/badalona-300x137.jpg\" alt=\"badalona\" width=\"300\" height=\"137\" srcset=\"https:\/\/bloc.xarxa-omnia.org\/lasalut\/files\/2015\/07\/badalona-300x137.jpg 300w, https:\/\/bloc.xarxa-omnia.org\/lasalut\/files\/2015\/07\/badalona.jpg 646w\" sizes=\"auto, (max-width: 300px) 100vw, 300px\" \/><\/a><\/p>\n<!-- AddThis Advanced Settings generic via filter on the_content --><!-- AddThis Share Buttons generic via filter on the_content -->","protected":false},"excerpt":{"rendered":"<p>La propera setmana el punt omnia realitzar\u00e0 un curs fora de les aules. Amb l&#8217; &#8220;excusa&#8221; de coneixer el barri i retratar diversos espais farem un curs de fotografia b\u00e0sica i despr\u00e9s descarregarem les fotografies. A m\u00e9s a m\u00e9s treballarem amb elles. Es pot participar ja sigui amb c\u00e0mara digital o m\u00f2bil. El curs se &#8230; <span class=\"more\"><a class=\"more-link\" href=\"https:\/\/bloc.xarxa-omnia.org\/lasalut\/?p=3758\">[Read more&#8230;]<\/a><\/span><!-- AddThis Advanced Settings generic via filter on get_the_excerpt --><!-- AddThis Share Buttons generic via filter on get_the_excerpt --><\/p>\n","protected":false},"author":135,"featured_media":0,"comment_status":"closed","ping_status":"closed","sticky":false,"template":"","format":"standard","meta":{"ngg_post_thumbnail":0,"footnotes":""},"categories":[41],"tags":[5712,7874,428],"class_list":{"0":"entry","1":"post","2":"publish","3":"author-lasalut","4":"post-3758","6":"format-standard","7":"category-mnia","8":"post_tag-5712","9":"post_tag-cursos","10":"post_tag-juliol"},"_links":{"self":[{"href":"https:\/\/bloc.xarxa-omnia.org\/lasalut\/index.php?rest_route=\/wp\/v2\/posts\/3758","targetHints":{"allow":["GET"]}}],"collection":[{"href":"https:\/\/bloc.xarxa-omnia.org\/lasalut\/index.php?rest_route=\/wp\/v2\/posts"}],"about":[{"href":"https:\/\/bloc.xarxa-omnia.org\/lasalut\/index.php?rest_route=\/wp\/v2\/types\/post"}],"author":[{"embeddable":true,"href":"https:\/\/bloc.xarxa-omnia.org\/lasalut\/index.php?rest_route=\/wp\/v2\/users\/135"}],"replies":[{"embeddable":true,"href":"https:\/\/bloc.xarxa-omnia.org\/lasalut\/index.php?rest_route=%2Fwp%2Fv2%2Fcomments&post=3758"}],"version-history":[{"count":1,"href":"https:\/\/bloc.xarxa-omnia.org\/lasalut\/index.php?rest_route=\/wp\/v2\/posts\/3758\/revisions"}],"predecessor-version":[{"id":3760,"href":"https:\/\/bloc.xarxa-omnia.org\/lasalut\/index.php?rest_route=\/wp\/v2\/posts\/3758\/revisions\/3760"}],"wp:attachment":[{"href":"https:\/\/bloc.xarxa-omnia.org\/lasalut\/index.php?rest_route=%2Fwp%2Fv2%2Fmedia&parent=3758"}],"wp:term":[{"taxonomy":"category","embeddable":true,"href":"https:\/\/bloc.xarxa-omnia.org\/lasalut\/index.php?rest_route=%2Fwp%2Fv2%2Fcategories&post=3758"},{"taxonomy":"post_tag","embeddable":true,"href":"https:\/\/bloc.xarxa-omnia.org\/lasalut\/index.php?rest_route=%2Fwp%2Fv2%2Ftags&post=3758"}],"curies":[{"name":"wp","href":"https:\/\/api.w.org\/{rel}","templated":true}]}}