{"id":4019,"date":"2016-06-22T18:58:57","date_gmt":"2016-06-22T16:58:57","guid":{"rendered":"http:\/\/xarxaomnia.gencat.cat\/blocs\/lasalut\/?p=4019"},"modified":"2016-06-28T10:36:18","modified_gmt":"2016-06-28T08:36:18","slug":"4019","status":"publish","type":"post","link":"https:\/\/bloc.xarxa-omnia.org\/lasalut\/?p=4019","title":{"rendered":"Cursos i Tallers d&#8217;Estiu"},"content":{"rendered":"<p>&nbsp;<\/p>\n<p><span style=\"color: #ff0000\">Comen\u00e7a l&#8217;estiu,<\/span> ja el tenim aqu\u00ed,\u00a0 i al <a href=\"http:\/\/xarxaomnia.gencat.cat\/blocs\/lasalut\/?attachment_id=4018\" rel=\"attachment wp-att-4018\"><img loading=\"lazy\" decoding=\"async\" class=\"size-thumbnail wp-image-4018 alignleft\" src=\"http:\/\/xarxaomnia.gencat.cat\/blocs\/lasalut\/files\/2016\/06\/LOGOVERANO-150x150.jpg\" alt=\"LOGOVERANO\" width=\"150\" height=\"150\" \/><\/a><strong>Punt \u00d2mnia Badalona Salut alta<\/strong> hem preparat diveres activitats socio-culturals\u00a0 per tots els usuaris que tinguin ganes d&#8217;apropar-se a les TIC (Tecnologies de la informaci\u00f3 i la comunicaci\u00f3).<br \/>\nHem planificat\u00a0 un mes de juliol amb una oferta formativa de caire no formal.<br \/>\nPer tal de donar continu\u00eftat al\u00a0 tema de la<strong> inserci\u00f3 social-laboral,<\/strong> mantenim\u00a0 el projecte del <strong>Club<\/strong> de <strong>Feina<\/strong> per fer \u00abrecerca activa\u00bb de feina per internet. Aix\u00ed mateix, amb la col\u00b7laboraci\u00f3 del <strong>SOC<\/strong> farem un curs d&#8217;iniciaci\u00f3 a la inform\u00e0tica per persones derivades del SOC.<br \/>\nUn altra proposta\u00a0 per aquest estiu, ser\u00e0 la de donar a con\u00e8ixer la possibilitat de aprendre catal\u00e0 per la web de forma semi-presencial. La plataforma www.parla.cat ens ofereix aquesta possibilitat i\u00a0 la volem ensenyar. Nosaltres no farem clases de catal\u00e0, ja que al<a href=\"http:\/\/www.cpnl.cat\/xarxa\/cnlbadalona\/\"> http:\/\/www.cpnl.cat\/xarxa\/cnlbadalona\/<\/a> hi han professionals que desenvolupan aquesta tasca de forma extraordinaria.<br \/>\nPer tal de cobrir necessitas al barri, obrirem un <strong>espai infantil-juvenil<\/strong> dos dies a la setmana. Per als nostres petits inform\u00e0tics, farem jocs, i volem crear la nostra <span style=\"color: #ff00ff\">mascota virtual<\/span>. Despr\u00e9s, ser\u00e0n els usuaris del centre els que escolliran la proposta mes adient. Per\u00f2 aix\u00f2 ja ser\u00e0 m\u00e9s endavant. De moment comen\u00e7arem amb el treball creatiu.<br \/>\nD&#8217;altra banda,\u00a0 per resoldre dubtes puntuals d&#8217;inform\u00e0tica amb l&#8217;ajuda d&#8217;una formadora,\u00a0 tenim el nostre espai: <span style=\"color: #ff0000\">Consul-Tic.<\/span> No fa falta inscripci\u00f3 previa.<br \/>\nParal\u00b7lelament, traballarem les TIC amb <strong>p\u00edndoles o micro-tallers<\/strong>.<\/p>\n<p>Per exemple: de retoc online de fotografies,\u00a0 per con\u00e8ixer la c\u00e0mera digital, o per ensenyar els recursos autoformatius que hi ha\u00a0 a la web. Tot aix\u00f2 amb la finalitat d&#8217;emponderar als nostres usuaris.<br \/>\nI per\u00a0 les persones\u00a0 que no vulguin esperar al setembre per comen\u00e7ar a treballar amb un ordinador, farem un taller <strong>d&#8217;iniciaci\u00f3 a la inform\u00e0tica<\/strong>.<\/p>\n<p>I amb aquestes formacions arribaran les merescudes vacances per tothom. Bon Sprint Estiuenc!!!!<\/p>\n<p><a href=\"http:\/\/xarxaomnia.gencat.cat\/blocs\/lasalut\/?attachment_id=4017\" rel=\"attachment wp-att-4017\"><img loading=\"lazy\" decoding=\"async\" class=\"aligncenter wp-image-4017 size-full\" src=\"http:\/\/xarxaomnia.gencat.cat\/blocs\/lasalut\/files\/2016\/06\/PROGRAMACIO-ESTIU-modificat.jpg\" alt=\"PROGRAMACIO ESTIU-modificat\" width=\"960\" height=\"720\" srcset=\"https:\/\/bloc.xarxa-omnia.org\/lasalut\/files\/2016\/06\/PROGRAMACIO-ESTIU-modificat.jpg 960w, https:\/\/bloc.xarxa-omnia.org\/lasalut\/files\/2016\/06\/PROGRAMACIO-ESTIU-modificat-300x225.jpg 300w, https:\/\/bloc.xarxa-omnia.org\/lasalut\/files\/2016\/06\/PROGRAMACIO-ESTIU-modificat-768x576.jpg 768w\" sizes=\"auto, (max-width: 960px) 100vw, 960px\" \/><\/a><\/p>\n<p>&nbsp;<\/p>\n<!-- AddThis Advanced Settings generic via filter on the_content --><!-- AddThis Share Buttons generic via filter on the_content -->","protected":false},"excerpt":{"rendered":"<p>http:\/\/xarxaomnia.gencat.cat\/blocs\/lasalut\/files\/2016\/06\/PROGRAMACIO-ESTIU-modificat.jpg<!-- AddThis Advanced Settings generic via filter on get_the_excerpt --><!-- AddThis Share Buttons generic via filter on get_the_excerpt --><\/p>\n","protected":false},"author":135,"featured_media":0,"comment_status":"closed","ping_status":"closed","sticky":false,"template":"","format":"standard","meta":{"ngg_post_thumbnail":0,"footnotes":""},"categories":[58,223,344],"tags":[7894],"class_list":{"0":"entry","1":"post","2":"publish","3":"author-lasalut","4":"has-excerpt","5":"post-4019","7":"format-standard","8":"category-activitats","9":"category-calendari","10":"category-cursos","11":"post_tag-juliol-2016"},"_links":{"self":[{"href":"https:\/\/bloc.xarxa-omnia.org\/lasalut\/index.php?rest_route=\/wp\/v2\/posts\/4019","targetHints":{"allow":["GET"]}}],"collection":[{"href":"https:\/\/bloc.xarxa-omnia.org\/lasalut\/index.php?rest_route=\/wp\/v2\/posts"}],"about":[{"href":"https:\/\/bloc.xarxa-omnia.org\/lasalut\/index.php?rest_route=\/wp\/v2\/types\/post"}],"author":[{"embeddable":true,"href":"https:\/\/bloc.xarxa-omnia.org\/lasalut\/index.php?rest_route=\/wp\/v2\/users\/135"}],"replies":[{"embeddable":true,"href":"https:\/\/bloc.xarxa-omnia.org\/lasalut\/index.php?rest_route=%2Fwp%2Fv2%2Fcomments&post=4019"}],"version-history":[{"count":3,"href":"https:\/\/bloc.xarxa-omnia.org\/lasalut\/index.php?rest_route=\/wp\/v2\/posts\/4019\/revisions"}],"predecessor-version":[{"id":4023,"href":"https:\/\/bloc.xarxa-omnia.org\/lasalut\/index.php?rest_route=\/wp\/v2\/posts\/4019\/revisions\/4023"}],"wp:attachment":[{"href":"https:\/\/bloc.xarxa-omnia.org\/lasalut\/index.php?rest_route=%2Fwp%2Fv2%2Fmedia&parent=4019"}],"wp:term":[{"taxonomy":"category","embeddable":true,"href":"https:\/\/bloc.xarxa-omnia.org\/lasalut\/index.php?rest_route=%2Fwp%2Fv2%2Fcategories&post=4019"},{"taxonomy":"post_tag","embeddable":true,"href":"https:\/\/bloc.xarxa-omnia.org\/lasalut\/index.php?rest_route=%2Fwp%2Fv2%2Ftags&post=4019"}],"curies":[{"name":"wp","href":"https:\/\/api.w.org\/{rel}","templated":true}]}}