{"id":4636,"date":"2019-07-29T13:25:07","date_gmt":"2019-07-29T11:25:07","guid":{"rendered":"http:\/\/bloc.xarxa-omnia.org\/lasalut\/?p=4636"},"modified":"2019-07-29T13:25:07","modified_gmt":"2019-07-29T11:25:07","slug":"programacio-estiu-2019","status":"publish","type":"post","link":"https:\/\/bloc.xarxa-omnia.org\/lasalut\/?p=4636","title":{"rendered":"PROGRAMACI\u00d3 ESTIU 2019"},"content":{"rendered":"<p>Us informem de les activitats que s&#8217;han realitzat al Punt \u00d2mnia Salut Alta:<\/p>\n<p><a href=\"http:\/\/bloc.xarxa-omnia.org\/lasalut\/?attachment_id=4637\" rel=\"attachment wp-att-4637\"><img loading=\"lazy\" decoding=\"async\" class=\"alignleft size-medium wp-image-4637\" src=\"http:\/\/bloc.xarxa-omnia.org\/lasalut\/files\/2019\/07\/estiu2019-300x154.png\" alt=\"estiu2019\" width=\"300\" height=\"154\" \/><\/a><\/p>\n<p>&nbsp;<\/p>\n<p>&nbsp;<\/p>\n<p>&nbsp;<\/p>\n<p>&nbsp;<\/p>\n<p>&nbsp;<\/p>\n<p style=\"text-align: justify\">Eines per a la recerca de feina (dilluns 9 a 13h.)<br \/>\nDonar suport a les persones participants en la recerca activa de feina, amb la finalitat de potenciar la seva inserci\u00f3 o reinserci\u00f3 laboral. Es treballa<br \/>\namb el subjecte segons les necessitats de cadasc\u00fa, ja sigui a nivell de millora del CV, elaboraci\u00f3 de cartes de presentaci\u00f3, coneixement i utilitzaci\u00f3 de<br \/>\ndiversos canals de recerca.<br \/>\nRecursos autoformatius (dilluns 14 a 15h.)<br \/>\nOferir a les persones participants eines, tenint en compte les caracter\u00edstiques i el nivell de coneixement de cadasc\u00fa, amb la intenci\u00f3 de<br \/>\nfomentar l\u2019autoaprenentatge i l\u2019autonomia<br \/>\nTecno Estiu (dimarts, dimecres i dijous 9 a 15h.)<br \/>\nTaller dirigit a infants de 6 a 13 anys, donant continu\u00eftat a l\u2019espai amb inf\u00e0ncia. Al territori, no existeix cap recurs tipus casal o esplai per a<br \/>\nells. Per tant, les sessions aniran encaminades a l\u2019oci en el temps de lleure, realitzant activitats socioeducatives que fomentin<br \/>\naprenentatge a trav\u00e9s del lleure.<br \/>\nACTIC (divendres 8 a 13h.)<br \/>\nProva d\u2019avaluaci\u00f3.<\/p>\n<!-- AddThis Advanced Settings generic via filter on the_content --><!-- AddThis Share Buttons generic via filter on the_content -->","protected":false},"excerpt":{"rendered":"<p>Us informem de les activitats que s&#8217;han realitzat al Punt \u00d2mnia Salut Alta: &nbsp; &nbsp; &nbsp; &nbsp; &nbsp; Eines per a la recerca de feina (dilluns 9 a 13h.) Donar suport a les persones participants en la recerca activa de feina, amb la finalitat de potenciar la seva inserci\u00f3 o reinserci\u00f3 laboral. Es treballa amb &#8230; <span class=\"more\"><a class=\"more-link\" href=\"https:\/\/bloc.xarxa-omnia.org\/lasalut\/?p=4636\">[Read more&#8230;]<\/a><\/span><!-- AddThis Advanced Settings generic via filter on get_the_excerpt --><!-- AddThis Share Buttons generic via filter on get_the_excerpt --><\/p>\n","protected":false},"author":135,"featured_media":0,"comment_status":"closed","ping_status":"closed","sticky":false,"template":"","format":"standard","meta":{"ngg_post_thumbnail":0,"footnotes":""},"categories":[58,223,344,41,362],"tags":[],"class_list":{"0":"entry","1":"post","2":"publish","3":"author-lasalut","4":"post-4636","6":"format-standard","7":"category-activitats","8":"category-calendari","9":"category-cursos","10":"category-mnia","11":"category-tallers"},"_links":{"self":[{"href":"https:\/\/bloc.xarxa-omnia.org\/lasalut\/index.php?rest_route=\/wp\/v2\/posts\/4636","targetHints":{"allow":["GET"]}}],"collection":[{"href":"https:\/\/bloc.xarxa-omnia.org\/lasalut\/index.php?rest_route=\/wp\/v2\/posts"}],"about":[{"href":"https:\/\/bloc.xarxa-omnia.org\/lasalut\/index.php?rest_route=\/wp\/v2\/types\/post"}],"author":[{"embeddable":true,"href":"https:\/\/bloc.xarxa-omnia.org\/lasalut\/index.php?rest_route=\/wp\/v2\/users\/135"}],"replies":[{"embeddable":true,"href":"https:\/\/bloc.xarxa-omnia.org\/lasalut\/index.php?rest_route=%2Fwp%2Fv2%2Fcomments&post=4636"}],"version-history":[{"count":2,"href":"https:\/\/bloc.xarxa-omnia.org\/lasalut\/index.php?rest_route=\/wp\/v2\/posts\/4636\/revisions"}],"predecessor-version":[{"id":4639,"href":"https:\/\/bloc.xarxa-omnia.org\/lasalut\/index.php?rest_route=\/wp\/v2\/posts\/4636\/revisions\/4639"}],"wp:attachment":[{"href":"https:\/\/bloc.xarxa-omnia.org\/lasalut\/index.php?rest_route=%2Fwp%2Fv2%2Fmedia&parent=4636"}],"wp:term":[{"taxonomy":"category","embeddable":true,"href":"https:\/\/bloc.xarxa-omnia.org\/lasalut\/index.php?rest_route=%2Fwp%2Fv2%2Fcategories&post=4636"},{"taxonomy":"post_tag","embeddable":true,"href":"https:\/\/bloc.xarxa-omnia.org\/lasalut\/index.php?rest_route=%2Fwp%2Fv2%2Ftags&post=4636"}],"curies":[{"name":"wp","href":"https:\/\/api.w.org\/{rel}","templated":true}]}}