{"id":4657,"date":"2019-10-16T18:01:20","date_gmt":"2019-10-16T16:01:20","guid":{"rendered":"http:\/\/bloc.xarxa-omnia.org\/lasalut\/?p=4657"},"modified":"2019-10-16T18:01:20","modified_gmt":"2019-10-16T16:01:20","slug":"proces-participatiu","status":"publish","type":"post","link":"https:\/\/bloc.xarxa-omnia.org\/lasalut\/?p=4657","title":{"rendered":"PROC\u00c9S PARTICIPATIU"},"content":{"rendered":"<p>El dia 14 d&#8217;octubre, al nostre Punt \u00d2mnia i el Casal C\u00edvic Salut Alta vam allotjar la jornada a Badalona del Proc\u00e9s participatiu. La idea es pensar com volem l&#8217;\u00d2mnia del futut. Van sortir temes diversos: Com treballar l&#8217;apoderament de les persones participants, Identificar les necessitats del projecte,com afavorir el treball en xarxa? Com hem d&#8217;entendre les difer\u00e8ncies entre el projecte com\u00fa i les particularitats de cada territori? M\u00e9s informaci\u00f3 a la web\u00a0<a href=\"https:\/\/participa.gencat.cat\/processes\/puntsomnia\/f\/2463\/meetings\/124\">Participa<\/a><\/p>\n<p><a href=\"http:\/\/bloc.xarxa-omnia.org\/lasalut\/?attachment_id=4661\" rel=\"attachment wp-att-4661\"><img loading=\"lazy\" decoding=\"async\" class=\"alignleft size-medium wp-image-4661\" src=\"http:\/\/bloc.xarxa-omnia.org\/lasalut\/files\/2019\/10\/EG7s6-aX4AEJ4hT-300x225.jpeg\" alt=\"EG7s6-aX4AEJ4hT\" width=\"300\" height=\"225\" srcset=\"https:\/\/bloc.xarxa-omnia.org\/lasalut\/files\/2019\/10\/EG7s6-aX4AEJ4hT-300x225.jpeg 300w, https:\/\/bloc.xarxa-omnia.org\/lasalut\/files\/2019\/10\/EG7s6-aX4AEJ4hT-768x576.jpeg 768w, https:\/\/bloc.xarxa-omnia.org\/lasalut\/files\/2019\/10\/EG7s6-aX4AEJ4hT.jpeg 2048w\" sizes=\"auto, (max-width: 300px) 100vw, 300px\" \/><\/a><a href=\"http:\/\/bloc.xarxa-omnia.org\/lasalut\/?attachment_id=4660\" rel=\"attachment wp-att-4660\"><img loading=\"lazy\" decoding=\"async\" class=\"alignleft size-medium wp-image-4660\" src=\"http:\/\/bloc.xarxa-omnia.org\/lasalut\/files\/2019\/10\/IMG_20191015_145537-1-300x225.jpg\" alt=\"IMG_20191015_145537\" width=\"300\" height=\"225\" srcset=\"https:\/\/bloc.xarxa-omnia.org\/lasalut\/files\/2019\/10\/IMG_20191015_145537-1-300x225.jpg 300w, https:\/\/bloc.xarxa-omnia.org\/lasalut\/files\/2019\/10\/IMG_20191015_145537-1-768x576.jpg 768w, https:\/\/bloc.xarxa-omnia.org\/lasalut\/files\/2019\/10\/IMG_20191015_145537-1.jpg 2048w\" sizes=\"auto, (max-width: 300px) 100vw, 300px\" \/><\/a><a href=\"http:\/\/bloc.xarxa-omnia.org\/lasalut\/?attachment_id=4659\" rel=\"attachment wp-att-4659\"><img loading=\"lazy\" decoding=\"async\" class=\"alignleft size-medium wp-image-4659\" src=\"http:\/\/bloc.xarxa-omnia.org\/lasalut\/files\/2019\/10\/IMG_20191016_164056-300x225.jpg\" alt=\"IMG_20191016_164056\" width=\"300\" height=\"225\" srcset=\"https:\/\/bloc.xarxa-omnia.org\/lasalut\/files\/2019\/10\/IMG_20191016_164056-300x225.jpg 300w, https:\/\/bloc.xarxa-omnia.org\/lasalut\/files\/2019\/10\/IMG_20191016_164056-768x576.jpg 768w, https:\/\/bloc.xarxa-omnia.org\/lasalut\/files\/2019\/10\/IMG_20191016_164056.jpg 2048w\" sizes=\"auto, (max-width: 300px) 100vw, 300px\" \/><\/a><\/p>\n<!-- AddThis Advanced Settings generic via filter on the_content --><!-- AddThis Share Buttons generic via filter on the_content -->","protected":false},"excerpt":{"rendered":"<p>El dia 14 d&#8217;octubre, al nostre Punt \u00d2mnia i el Casal C\u00edvic Salut Alta vam allotjar la jornada a Badalona del Proc\u00e9s participatiu. La idea es pensar com volem l&#8217;\u00d2mnia del futut. Van sortir temes diversos: Com treballar l&#8217;apoderament de les persones participants, Identificar les necessitats del projecte,com afavorir el treball en xarxa? Com hem &#8230; <span class=\"more\"><a class=\"more-link\" href=\"https:\/\/bloc.xarxa-omnia.org\/lasalut\/?p=4657\">[Read more&#8230;]<\/a><\/span><!-- AddThis Advanced Settings generic via filter on get_the_excerpt --><!-- AddThis Share Buttons generic via filter on get_the_excerpt --><\/p>\n","protected":false},"author":135,"featured_media":0,"comment_status":"closed","ping_status":"closed","sticky":false,"template":"","format":"standard","meta":{"ngg_post_thumbnail":0,"footnotes":""},"categories":[58,41],"tags":[],"class_list":{"0":"entry","1":"post","2":"publish","3":"author-lasalut","4":"post-4657","6":"format-standard","7":"category-activitats","8":"category-mnia"},"_links":{"self":[{"href":"https:\/\/bloc.xarxa-omnia.org\/lasalut\/index.php?rest_route=\/wp\/v2\/posts\/4657","targetHints":{"allow":["GET"]}}],"collection":[{"href":"https:\/\/bloc.xarxa-omnia.org\/lasalut\/index.php?rest_route=\/wp\/v2\/posts"}],"about":[{"href":"https:\/\/bloc.xarxa-omnia.org\/lasalut\/index.php?rest_route=\/wp\/v2\/types\/post"}],"author":[{"embeddable":true,"href":"https:\/\/bloc.xarxa-omnia.org\/lasalut\/index.php?rest_route=\/wp\/v2\/users\/135"}],"replies":[{"embeddable":true,"href":"https:\/\/bloc.xarxa-omnia.org\/lasalut\/index.php?rest_route=%2Fwp%2Fv2%2Fcomments&post=4657"}],"version-history":[{"count":2,"href":"https:\/\/bloc.xarxa-omnia.org\/lasalut\/index.php?rest_route=\/wp\/v2\/posts\/4657\/revisions"}],"predecessor-version":[{"id":4663,"href":"https:\/\/bloc.xarxa-omnia.org\/lasalut\/index.php?rest_route=\/wp\/v2\/posts\/4657\/revisions\/4663"}],"wp:attachment":[{"href":"https:\/\/bloc.xarxa-omnia.org\/lasalut\/index.php?rest_route=%2Fwp%2Fv2%2Fmedia&parent=4657"}],"wp:term":[{"taxonomy":"category","embeddable":true,"href":"https:\/\/bloc.xarxa-omnia.org\/lasalut\/index.php?rest_route=%2Fwp%2Fv2%2Fcategories&post=4657"},{"taxonomy":"post_tag","embeddable":true,"href":"https:\/\/bloc.xarxa-omnia.org\/lasalut\/index.php?rest_route=%2Fwp%2Fv2%2Ftags&post=4657"}],"curies":[{"name":"wp","href":"https:\/\/api.w.org\/{rel}","templated":true}]}}