{"id":4665,"date":"2019-10-28T12:51:55","date_gmt":"2019-10-28T10:51:55","guid":{"rendered":"http:\/\/bloc.xarxa-omnia.org\/lasalut\/?p=4665"},"modified":"2019-10-28T12:51:55","modified_gmt":"2019-10-28T10:51:55","slug":"activitats-especials-de-tardor","status":"publish","type":"post","link":"https:\/\/bloc.xarxa-omnia.org\/lasalut\/?p=4665","title":{"rendered":"ACTIVITATS ESPECIALS DE TARDOR"},"content":{"rendered":"<p>Arriba la festivitat de <strong>&#8220;Tots Sants&#8221;<\/strong> i per fer-lo especial al <span style=\"color: #ff0000\">Punt \u00d2mnia Salut<\/span> Alta conjuntament amb el Casal C\u00edvic hem preparat activitats especials tem\u00e0tiques. El dilluns 28 ens visitar\u00e0 la castanyera per fer-nos un tastet d&#8217;aquest producte de temporada tan ric: la <span style=\"color: #ff6600\">Castanya<\/span>. El dimecres de 18.30 a 19.30 tindrem la 2\u00aa edici\u00f3 del <strong><span style=\"color: #800000\">T\u00fanel del Terror<\/span> <\/strong>a les instal\u00b7lacions del Casal C\u00edvic. El dijous de 17.30 a 19h el Punt \u00d2mnia prepara un <span style=\"color: #0000ff\"><strong>Scape Room<\/strong> <\/span>pels nens de <span style=\"color: #008000\">l&#8217;espai infantil.<\/span><br \/>\nPer m\u00e9s informaci\u00f3 passeu Pel Casal C\u00edvic la Salut Alta. Us hi esperem!!!<br \/>\n<a href=\"http:\/\/bloc.xarxa-omnia.org\/lasalut\/?attachment_id=4666\" rel=\"attachment wp-att-4666\"><img loading=\"lazy\" decoding=\"async\" class=\"alignleft size-medium wp-image-4666\" src=\"http:\/\/bloc.xarxa-omnia.org\/lasalut\/files\/2019\/10\/IMG_20191025_103340-225x300.jpg\" alt=\"IMG_20191025_103340\" width=\"225\" height=\"300\" srcset=\"https:\/\/bloc.xarxa-omnia.org\/lasalut\/files\/2019\/10\/IMG_20191025_103340-225x300.jpg 225w, https:\/\/bloc.xarxa-omnia.org\/lasalut\/files\/2019\/10\/IMG_20191025_103340-768x1024.jpg 768w\" sizes=\"auto, (max-width: 225px) 100vw, 225px\" \/><\/a><a href=\"http:\/\/bloc.xarxa-omnia.org\/lasalut\/?attachment_id=4667\" rel=\"attachment wp-att-4667\"><img loading=\"lazy\" decoding=\"async\" class=\"alignleft size-medium wp-image-4667\" src=\"http:\/\/bloc.xarxa-omnia.org\/lasalut\/files\/2019\/10\/IMG_20191025_103329-225x300.jpg\" alt=\"IMG_20191025_103329\" width=\"225\" height=\"300\" srcset=\"https:\/\/bloc.xarxa-omnia.org\/lasalut\/files\/2019\/10\/IMG_20191025_103329-225x300.jpg 225w, https:\/\/bloc.xarxa-omnia.org\/lasalut\/files\/2019\/10\/IMG_20191025_103329-768x1024.jpg 768w\" sizes=\"auto, (max-width: 225px) 100vw, 225px\" \/><\/a><\/p>\n<!-- AddThis Advanced Settings generic via filter on the_content --><!-- AddThis Share Buttons generic via filter on the_content -->","protected":false},"excerpt":{"rendered":"<p>Arriba la festivitat de &#8220;Tots Sants&#8221; i per fer-lo especial al Punt \u00d2mnia Salut Alta conjuntament amb el Casal C\u00edvic hem preparat activitats especials tem\u00e0tiques. El dilluns 28 ens visitar\u00e0 la castanyera per fer-nos un tastet d&#8217;aquest producte de temporada tan ric: la Castanya. El dimecres de 18.30 a 19.30 tindrem la 2\u00aa edici\u00f3 del &#8230; <span class=\"more\"><a class=\"more-link\" href=\"https:\/\/bloc.xarxa-omnia.org\/lasalut\/?p=4665\">[Read more&#8230;]<\/a><\/span><!-- AddThis Advanced Settings generic via filter on get_the_excerpt --><!-- AddThis Share Buttons generic via filter on get_the_excerpt --><\/p>\n","protected":false},"author":135,"featured_media":0,"comment_status":"closed","ping_status":"closed","sticky":false,"template":"","format":"standard","meta":{"ngg_post_thumbnail":0,"footnotes":""},"categories":[58,723],"tags":[],"class_list":{"0":"entry","1":"post","2":"publish","3":"author-lasalut","4":"post-4665","6":"format-standard","7":"category-activitats","8":"category-dia-a-dia"},"_links":{"self":[{"href":"https:\/\/bloc.xarxa-omnia.org\/lasalut\/index.php?rest_route=\/wp\/v2\/posts\/4665","targetHints":{"allow":["GET"]}}],"collection":[{"href":"https:\/\/bloc.xarxa-omnia.org\/lasalut\/index.php?rest_route=\/wp\/v2\/posts"}],"about":[{"href":"https:\/\/bloc.xarxa-omnia.org\/lasalut\/index.php?rest_route=\/wp\/v2\/types\/post"}],"author":[{"embeddable":true,"href":"https:\/\/bloc.xarxa-omnia.org\/lasalut\/index.php?rest_route=\/wp\/v2\/users\/135"}],"replies":[{"embeddable":true,"href":"https:\/\/bloc.xarxa-omnia.org\/lasalut\/index.php?rest_route=%2Fwp%2Fv2%2Fcomments&post=4665"}],"version-history":[{"count":2,"href":"https:\/\/bloc.xarxa-omnia.org\/lasalut\/index.php?rest_route=\/wp\/v2\/posts\/4665\/revisions"}],"predecessor-version":[{"id":4669,"href":"https:\/\/bloc.xarxa-omnia.org\/lasalut\/index.php?rest_route=\/wp\/v2\/posts\/4665\/revisions\/4669"}],"wp:attachment":[{"href":"https:\/\/bloc.xarxa-omnia.org\/lasalut\/index.php?rest_route=%2Fwp%2Fv2%2Fmedia&parent=4665"}],"wp:term":[{"taxonomy":"category","embeddable":true,"href":"https:\/\/bloc.xarxa-omnia.org\/lasalut\/index.php?rest_route=%2Fwp%2Fv2%2Fcategories&post=4665"},{"taxonomy":"post_tag","embeddable":true,"href":"https:\/\/bloc.xarxa-omnia.org\/lasalut\/index.php?rest_route=%2Fwp%2Fv2%2Ftags&post=4665"}],"curies":[{"name":"wp","href":"https:\/\/api.w.org\/{rel}","templated":true}]}}