{"id":4766,"date":"2020-03-24T18:32:09","date_gmt":"2020-03-24T16:32:09","guid":{"rendered":"http:\/\/bloc.xarxa-omnia.org\/lasalut\/?p=4766"},"modified":"2020-03-25T10:18:21","modified_gmt":"2020-03-25T08:18:21","slug":"omnia-tancat-per-alerta-sanitaria","status":"publish","type":"post","link":"https:\/\/bloc.xarxa-omnia.org\/lasalut\/?p=4766","title":{"rendered":"OMNIA TANCAT PER ALERTA SANITARIA"},"content":{"rendered":"<h2><\/h2>\n<p>BENVOLGUTS USUARIS<\/p>\n<h4 class=\"aligncenter\">El Govern de la Generalitat ha anunciat el confinament de tot Catalunya. Per aquest motiu el Punt \u00d2mnia romandr\u00e0 tancat fins que no superem l&#8217;estat d&#8217;alarma. Us deixem un enlla\u00e7 a la web de G<a href=\"http:\/\/canalsalut.gencat.cat\/web\/.content\/_A-Z\/C\/coronavirus-2019-ncov\/material-divulgatiu\/post-stopcovid19cat-1080.mp4\">eneralitat<\/a>.<\/h4>\n<h4>Mireu aquest video\u00a0 \u00a0\/\/youtu.be\/PGli_Y9G9UU<\/h4>\n<h4>\u00a0i Recordeu Sobre Tot\u00a0#quedateencasa<\/h4>\n<h4><\/h4>\n<p class=\"alignnone\"><a href=\"http:\/\/bloc.xarxa-omnia.org\/lasalut\/?attachment_id=4779\" rel=\"attachment wp-att-4779\"><img loading=\"lazy\" decoding=\"async\" class=\"size-medium wp-image-4779 aligncenter\" src=\"http:\/\/bloc.xarxa-omnia.org\/lasalut\/files\/2020\/03\/avis-tancamente-300x207.jpg\" alt=\"avis tancamente\" width=\"300\" height=\"207\" srcset=\"https:\/\/bloc.xarxa-omnia.org\/lasalut\/files\/2020\/03\/avis-tancamente-300x207.jpg 300w, https:\/\/bloc.xarxa-omnia.org\/lasalut\/files\/2020\/03\/avis-tancamente-768x529.jpg 768w, https:\/\/bloc.xarxa-omnia.org\/lasalut\/files\/2020\/03\/avis-tancamente.jpg 950w\" sizes=\"auto, (max-width: 300px) 100vw, 300px\" \/><\/a><\/p>\n<p>&nbsp;<\/p>\n<p>&nbsp;<\/p>\n<p>&nbsp;<\/p>\n<!-- AddThis Advanced Settings generic via filter on the_content --><!-- AddThis Share Buttons generic via filter on the_content -->","protected":false},"excerpt":{"rendered":"<p>BENVOLGUTS USUARIS El Govern de la Generalitat ha anunciat el confinament de tot Catalunya. Per aquest motiu el Punt \u00d2mnia romandr\u00e0 tancat fins que no superem l&#8217;estat d&#8217;alarma. Us deixem un enlla\u00e7 a la web de Generalitat. Mireu aquest video\u00a0 \u00a0\/\/youtu.be\/PGli_Y9G9UU \u00a0i Recordeu Sobre Tot\u00a0#quedateencasa &nbsp; &nbsp; &nbsp;<!-- AddThis Advanced Settings generic via filter on get_the_excerpt --><!-- AddThis Share Buttons generic via filter on get_the_excerpt --><\/p>\n","protected":false},"author":135,"featured_media":0,"comment_status":"closed","ping_status":"closed","sticky":false,"template":"","format":"standard","meta":{"ngg_post_thumbnail":0,"footnotes":""},"categories":[723],"tags":[],"class_list":{"0":"entry","1":"post","2":"publish","3":"author-lasalut","4":"post-4766","6":"format-standard","7":"category-dia-a-dia"},"_links":{"self":[{"href":"https:\/\/bloc.xarxa-omnia.org\/lasalut\/index.php?rest_route=\/wp\/v2\/posts\/4766","targetHints":{"allow":["GET"]}}],"collection":[{"href":"https:\/\/bloc.xarxa-omnia.org\/lasalut\/index.php?rest_route=\/wp\/v2\/posts"}],"about":[{"href":"https:\/\/bloc.xarxa-omnia.org\/lasalut\/index.php?rest_route=\/wp\/v2\/types\/post"}],"author":[{"embeddable":true,"href":"https:\/\/bloc.xarxa-omnia.org\/lasalut\/index.php?rest_route=\/wp\/v2\/users\/135"}],"replies":[{"embeddable":true,"href":"https:\/\/bloc.xarxa-omnia.org\/lasalut\/index.php?rest_route=%2Fwp%2Fv2%2Fcomments&post=4766"}],"version-history":[{"count":7,"href":"https:\/\/bloc.xarxa-omnia.org\/lasalut\/index.php?rest_route=\/wp\/v2\/posts\/4766\/revisions"}],"predecessor-version":[{"id":4781,"href":"https:\/\/bloc.xarxa-omnia.org\/lasalut\/index.php?rest_route=\/wp\/v2\/posts\/4766\/revisions\/4781"}],"wp:attachment":[{"href":"https:\/\/bloc.xarxa-omnia.org\/lasalut\/index.php?rest_route=%2Fwp%2Fv2%2Fmedia&parent=4766"}],"wp:term":[{"taxonomy":"category","embeddable":true,"href":"https:\/\/bloc.xarxa-omnia.org\/lasalut\/index.php?rest_route=%2Fwp%2Fv2%2Fcategories&post=4766"},{"taxonomy":"post_tag","embeddable":true,"href":"https:\/\/bloc.xarxa-omnia.org\/lasalut\/index.php?rest_route=%2Fwp%2Fv2%2Ftags&post=4766"}],"curies":[{"name":"wp","href":"https:\/\/api.w.org\/{rel}","templated":true}]}}