{"id":4782,"date":"2020-03-30T11:39:30","date_gmt":"2020-03-30T09:39:30","guid":{"rendered":"http:\/\/bloc.xarxa-omnia.org\/lasalut\/?p=4782"},"modified":"2020-03-30T11:39:30","modified_gmt":"2020-03-30T09:39:30","slug":"veus-de-dones-2020","status":"publish","type":"post","link":"https:\/\/bloc.xarxa-omnia.org\/lasalut\/?p=4782","title":{"rendered":"VEUS DE DONES 2020"},"content":{"rendered":"<p><a href=\"http:\/\/bloc.xarxa-omnia.org\/lasalut\/?attachment_id=4763\" rel=\"attachment wp-att-4763\"><img loading=\"lazy\" decoding=\"async\" class=\"alignleft size-medium wp-image-4763\" src=\"http:\/\/bloc.xarxa-omnia.org\/lasalut\/files\/2020\/03\/Cartell-DIA-VEUSdeDONES-XARXAOMNIABDN-PASCALIX-A3-212x300.jpg\" alt=\"Cartell-DIA-VEUSdeDONES-XARXAOMNIABDN-PASCALIX-A3\" width=\"212\" height=\"300\" srcset=\"https:\/\/bloc.xarxa-omnia.org\/lasalut\/files\/2020\/03\/Cartell-DIA-VEUSdeDONES-XARXAOMNIABDN-PASCALIX-A3-212x300.jpg 212w, https:\/\/bloc.xarxa-omnia.org\/lasalut\/files\/2020\/03\/Cartell-DIA-VEUSdeDONES-XARXAOMNIABDN-PASCALIX-A3-768x1086.jpg 768w\" sizes=\"auto, (max-width: 212px) 100vw, 212px\" \/><\/a>En aquest temps de confinament que estem vivint sembla ci\u00e8ncia ficci\u00f3 poder haver-nos trobat i compartit un mat\u00ed de reflexi\u00f3, reivindicaci\u00f3 i musica.<\/p>\n<p>Mes de cent persones van reunir els punts \u00d2mnia Sant Roc, Pomar i la Salut Alta, en col\u00b7laboraci\u00f3 amb la\u00a0Comissi\u00f3 de Dones de Badalona Sud, el Casal C\u00edvic la Salut Alta i diverses entitats\u00a0del territori ,ja que van organitzar l\u2019acte participatiu: VEUS DE DONES en Commemoraci\u00f3 del <strong>Dia Internacional de la Dona 2020<\/strong> que es va celebrar el\u00a0 dilluns <strong>9 de mar\u00e7<\/strong> a les 11:30h a la Pla\u00e7a Sant Elies de <strong>Badalona<\/strong>.<\/p>\n<p>L\u2019acte va consistir a\u00a0 una <strong>marxa caminant <\/strong>\u00a0des d\u2019 els diversos punts \u00d2mnia,\u00a0 fins el punt de trobada. A la pla\u00e7a es van preparar exposicions gr\u00e0fiques amb treballs fets pels usuaris de l\u2019 SPL B\u00e8tula, diversos tallers de manualitats i \u00a0una \u00a0taula amb un recull de lectures i relats dels usuaris i usu\u00e0ries dels Punts \u00d2mnia en format mp3, que van treballar al llarg del primer trimestre. Les dones de l\u2019Ateneu Sant Roc van donar testimoni de les altres cares del barri de Sant Roc, Pomar i la Salut Alta, despr\u00e9s, es va donar lectura al manifest \u201cfeminista\u201d . Acte seguit, els assistents van gaudir de l\u2019actuaci\u00f3 musical de Dani Caracola, H\u00e9ctor i Victor que van fer la seva adaptaci\u00f3 de temes molt coneguts. L\u2019acte va finalitzar amb la \u201ccantada conjunta de la can\u00e7\u00f3 &#8220;A la Superf\u00edcie&#8221;, amb una lletra adaptada per l\u2019ocasi\u00f3 i que s\u2019havia assajat als centres per compartir-la aquest dia.<\/p>\n<p>Us deixem un <a href=\"https:\/\/www.youtube.com\/watch?v=WLtY2F6gPl0&amp;feature=youtu.be\">video <\/a>resum de la jornada. Feu clic a sobre de la paraula Video.<\/p>\n<p>&nbsp;<\/p>\n<!-- AddThis Advanced Settings generic via filter on the_content --><!-- AddThis Share Buttons generic via filter on the_content -->","protected":false},"excerpt":{"rendered":"<p>En aquest temps de confinament que estem vivint sembla ci\u00e8ncia ficci\u00f3 poder haver-nos trobat i compartit un mat\u00ed de reflexi\u00f3, reivindicaci\u00f3 i musica. Mes de cent persones van reunir els punts \u00d2mnia Sant Roc, Pomar i la Salut Alta, en col\u00b7laboraci\u00f3 amb la\u00a0Comissi\u00f3 de Dones de Badalona Sud, el Casal C\u00edvic la Salut Alta i &#8230; <span class=\"more\"><a class=\"more-link\" href=\"https:\/\/bloc.xarxa-omnia.org\/lasalut\/?p=4782\">[Read more&#8230;]<\/a><\/span><!-- AddThis Advanced Settings generic via filter on get_the_excerpt --><!-- AddThis Share Buttons generic via filter on get_the_excerpt --><\/p>\n","protected":false},"author":135,"featured_media":0,"comment_status":"closed","ping_status":"closed","sticky":false,"template":"","format":"standard","meta":{"ngg_post_thumbnail":0,"footnotes":""},"categories":[41],"tags":[],"class_list":{"0":"entry","1":"post","2":"publish","3":"author-lasalut","4":"post-4782","6":"format-standard","7":"category-mnia"},"_links":{"self":[{"href":"https:\/\/bloc.xarxa-omnia.org\/lasalut\/index.php?rest_route=\/wp\/v2\/posts\/4782","targetHints":{"allow":["GET"]}}],"collection":[{"href":"https:\/\/bloc.xarxa-omnia.org\/lasalut\/index.php?rest_route=\/wp\/v2\/posts"}],"about":[{"href":"https:\/\/bloc.xarxa-omnia.org\/lasalut\/index.php?rest_route=\/wp\/v2\/types\/post"}],"author":[{"embeddable":true,"href":"https:\/\/bloc.xarxa-omnia.org\/lasalut\/index.php?rest_route=\/wp\/v2\/users\/135"}],"replies":[{"embeddable":true,"href":"https:\/\/bloc.xarxa-omnia.org\/lasalut\/index.php?rest_route=%2Fwp%2Fv2%2Fcomments&post=4782"}],"version-history":[{"count":3,"href":"https:\/\/bloc.xarxa-omnia.org\/lasalut\/index.php?rest_route=\/wp\/v2\/posts\/4782\/revisions"}],"predecessor-version":[{"id":4786,"href":"https:\/\/bloc.xarxa-omnia.org\/lasalut\/index.php?rest_route=\/wp\/v2\/posts\/4782\/revisions\/4786"}],"wp:attachment":[{"href":"https:\/\/bloc.xarxa-omnia.org\/lasalut\/index.php?rest_route=%2Fwp%2Fv2%2Fmedia&parent=4782"}],"wp:term":[{"taxonomy":"category","embeddable":true,"href":"https:\/\/bloc.xarxa-omnia.org\/lasalut\/index.php?rest_route=%2Fwp%2Fv2%2Fcategories&post=4782"},{"taxonomy":"post_tag","embeddable":true,"href":"https:\/\/bloc.xarxa-omnia.org\/lasalut\/index.php?rest_route=%2Fwp%2Fv2%2Ftags&post=4782"}],"curies":[{"name":"wp","href":"https:\/\/api.w.org\/{rel}","templated":true}]}}