{"id":4824,"date":"2020-04-22T18:20:54","date_gmt":"2020-04-22T16:20:54","guid":{"rendered":"http:\/\/bloc.xarxa-omnia.org\/lasalut\/?p=4824"},"modified":"2020-04-23T16:40:37","modified_gmt":"2020-04-23T14:40:37","slug":"sant-jordi-2020","status":"publish","type":"post","link":"https:\/\/bloc.xarxa-omnia.org\/lasalut\/?p=4824","title":{"rendered":"Sant Jordi 2020"},"content":{"rendered":"<div class=\"wp-block-group\">\n<div class=\"wp-block-group__inner-container is-layout-flow wp-block-group-is-layout-flow\">\n<p>El nostre amic <strong>Jose Nu\u00f1ez,<\/strong> gran aficionat a la poesia, ha compartit amb  nosaltres els seus poemes. De sobrenom &#8220;<strong>el Carbonero<\/strong>&#8221; fent refer\u00e8ncia a la feina que va exercir molts anys a Marchena (Sevilla), la seva terra d&#8217;origen. Badalon\u00ed d&#8217;adopci\u00f3 participa activament tant al Punt \u00d2mnia  Salut Alta, Casal C\u00edvic de la Salut Alta  com al Centre C\u00edvic de Lloreda.  Acompanyat  de la seva dona <strong>Mercedes <\/strong>son usuaris &#8220;tot terreny&#8221;,  no tenen por a las noves tecnologies, m\u00e9s aviat de manera proactiva les utilitzen i intenten divulgar les seves viv\u00e8ncies. Administrador del grup de facebook: &#8220;amigos del padre Marchena&#8221; recorda els seus or\u00edgens i comparteix amb els seus amics de xarxa records, actualitat i not\u00edcies.  Anirem recollint els seus poemes llegits per ell mateix. Avui i per obrir la &#8220;festa de <strong>Sant Jordi confinats 2020<\/strong>&#8220;<\/p>\n<\/p>\n<figure class=\"wp-block-video\"><\/figure>\n<\/div>\n<\/div>\n<figure class=\"wp-block-image size-medium\"><a href=\"http:\/\/bloc.xarxa-omnia.org\/lasalut\/files\/2020\/04\/IMG_20200219_175213-scaled.jpg\"><img loading=\"lazy\" decoding=\"async\" width=\"300\" height=\"300\" src=\"http:\/\/bloc.xarxa-omnia.org\/lasalut\/files\/2020\/04\/IMG_20200219_175213-300x300.jpg\" alt=\"\" class=\"wp-image-4825\" srcset=\"https:\/\/bloc.xarxa-omnia.org\/lasalut\/files\/2020\/04\/IMG_20200219_175213-300x300.jpg 300w, https:\/\/bloc.xarxa-omnia.org\/lasalut\/files\/2020\/04\/IMG_20200219_175213-150x150.jpg 150w, https:\/\/bloc.xarxa-omnia.org\/lasalut\/files\/2020\/04\/IMG_20200219_175213-768x768.jpg 768w, https:\/\/bloc.xarxa-omnia.org\/lasalut\/files\/2020\/04\/IMG_20200219_175213-1536x1536.jpg 1536w, https:\/\/bloc.xarxa-omnia.org\/lasalut\/files\/2020\/04\/IMG_20200219_175213-2048x2048.jpg 2048w\" sizes=\"auto, (max-width: 300px) 100vw, 300px\" \/><\/a><figcaption>Jose Nu\u00f1ez &#8220;El Carbonero&#8221;<\/figcaption><\/figure>\n<figure class=\"wp-block-embed-youtube wp-block-embed is-type-video is-provider-youtube wp-embed-aspect-16-9 wp-has-aspect-ratio\">\n<div class=\"wp-block-embed__wrapper\">\n<iframe loading=\"lazy\" title=\"Sant Jordi Poema Jose Nu\u00f1ez\" width=\"700\" height=\"394\" src=\"https:\/\/www.youtube.com\/embed\/iIvrgL_tokw?feature=oembed\" frameborder=\"0\" allow=\"accelerometer; autoplay; encrypted-media; gyroscope; picture-in-picture\" allowfullscreen><\/iframe>\n<\/div>\n<\/figure>\n<!-- AddThis Advanced Settings generic via filter on the_content --><!-- AddThis Share Buttons generic via filter on the_content -->","protected":false},"excerpt":{"rendered":"<p>El nostre amic Jose Nu\u00f1ez, gran aficionat a la poesia, ha compartit amb nosaltres els seus poemes. De sobrenom &#8220;el Carbonero&#8221; fent refer\u00e8ncia a la feina que va exercir molts anys a Marchena (Sevilla), la seva terra d&#8217;origen. Badalon\u00ed d&#8217;adopci\u00f3 participa activament tant al Punt \u00d2mnia Salut Alta, Casal C\u00edvic de la Salut Alta com &#8230; <span class=\"more\"><a class=\"more-link\" href=\"https:\/\/bloc.xarxa-omnia.org\/lasalut\/?p=4824\">[Read more&#8230;]<\/a><\/span><!-- AddThis Advanced Settings generic via filter on get_the_excerpt --><!-- AddThis Share Buttons generic via filter on get_the_excerpt --><\/p>\n","protected":false},"author":135,"featured_media":0,"comment_status":"closed","ping_status":"closed","sticky":false,"template":"","format":"standard","meta":{"ngg_post_thumbnail":0,"footnotes":""},"categories":[41],"tags":[],"class_list":{"0":"entry","1":"post","2":"publish","3":"author-lasalut","4":"post-4824","6":"format-standard","7":"category-mnia"},"_links":{"self":[{"href":"https:\/\/bloc.xarxa-omnia.org\/lasalut\/index.php?rest_route=\/wp\/v2\/posts\/4824","targetHints":{"allow":["GET"]}}],"collection":[{"href":"https:\/\/bloc.xarxa-omnia.org\/lasalut\/index.php?rest_route=\/wp\/v2\/posts"}],"about":[{"href":"https:\/\/bloc.xarxa-omnia.org\/lasalut\/index.php?rest_route=\/wp\/v2\/types\/post"}],"author":[{"embeddable":true,"href":"https:\/\/bloc.xarxa-omnia.org\/lasalut\/index.php?rest_route=\/wp\/v2\/users\/135"}],"replies":[{"embeddable":true,"href":"https:\/\/bloc.xarxa-omnia.org\/lasalut\/index.php?rest_route=%2Fwp%2Fv2%2Fcomments&post=4824"}],"version-history":[{"count":7,"href":"https:\/\/bloc.xarxa-omnia.org\/lasalut\/index.php?rest_route=\/wp\/v2\/posts\/4824\/revisions"}],"predecessor-version":[{"id":4832,"href":"https:\/\/bloc.xarxa-omnia.org\/lasalut\/index.php?rest_route=\/wp\/v2\/posts\/4824\/revisions\/4832"}],"wp:attachment":[{"href":"https:\/\/bloc.xarxa-omnia.org\/lasalut\/index.php?rest_route=%2Fwp%2Fv2%2Fmedia&parent=4824"}],"wp:term":[{"taxonomy":"category","embeddable":true,"href":"https:\/\/bloc.xarxa-omnia.org\/lasalut\/index.php?rest_route=%2Fwp%2Fv2%2Fcategories&post=4824"},{"taxonomy":"post_tag","embeddable":true,"href":"https:\/\/bloc.xarxa-omnia.org\/lasalut\/index.php?rest_route=%2Fwp%2Fv2%2Ftags&post=4824"}],"curies":[{"name":"wp","href":"https:\/\/api.w.org\/{rel}","templated":true}]}}