{"id":4958,"date":"2020-10-02T13:06:04","date_gmt":"2020-10-02T11:06:04","guid":{"rendered":"http:\/\/bloc.xarxa-omnia.org\/lasalut\/?p=4958"},"modified":"2020-10-02T13:08:19","modified_gmt":"2020-10-02T11:08:19","slug":"nova-programacio-de-tardor","status":"publish","type":"post","link":"https:\/\/bloc.xarxa-omnia.org\/lasalut\/?p=4958","title":{"rendered":"NOVA PROGRAMACI\u00d3 DE TARDOR"},"content":{"rendered":"<p style=\"text-align: justify\">Amb l&#8217;arribada del setembre hem tornat a la presencialitat. En principi amb molts dubtes, per\u00f2 ara ja tenim encetada la programaci\u00f3 de tardor 2020. Al setembre hem realitzat uns tallers per ensenyar als usuaris i usu\u00e0ries del Casal C\u00edvic a utilizar la plataforma jitsi meet, l&#8217;objectiu va ser que poguessin realitzar les clases en format semi presencial. Amb satisfacci\u00f3 observem que la gent s&#8217;est\u00e0 adaptant amb aquesta eina TIC que els fa poder adaptar-se aquesta nova situaci\u00f3. En Quant a la programaci\u00f3, hem prioritzat: l&#8217;atenci\u00f3 a l&#8217;ajuda per realitzar tr\u00e0mits i reactivar els ex\u00e0mens Actic, que s&#8217;havien apla\u00e7at. Com a novetat obrim l&#8217;espai de &#8220;cita pr\u00e8via&#8221; per la ciutadania, l&#8217;objectiu \u00e9s reservar dia i hora resoldre dubtes o atendre peticions. Aix\u00ed mateix, tenim un n\u00famero de tel\u00e8fon per atendre dubtes o ajuda a tr\u00e0mits de forma telem\u00e0tica o telef\u00f2nica: Tf 644673391. No ens oblidem de les formacions que ens demanen el usuaris, sobre m\u00f2bils, inform\u00e0tica, grups suport per la mem\u00f2ria, recerca de feina, sempre adaptan-nos a les ratios i els protocols del Procicat.<\/p>\n<p style=\"text-align: justify\">Ara si, benvinguts de nou<\/p>\n<p><a href=\"http:\/\/bloc.xarxa-omnia.org\/lasalut\/?attachment_id=4959\" rel=\"attachment wp-att-4959\"><img loading=\"lazy\" decoding=\"async\" class=\"alignleft size-full wp-image-4959\" src=\"http:\/\/bloc.xarxa-omnia.org\/lasalut\/files\/2020\/10\/ACTIVITATS-SETEMBRE20.png\" alt=\"\" width=\"2000\" height=\"1600\" srcset=\"https:\/\/bloc.xarxa-omnia.org\/lasalut\/files\/2020\/10\/ACTIVITATS-SETEMBRE20.png 2000w, https:\/\/bloc.xarxa-omnia.org\/lasalut\/files\/2020\/10\/ACTIVITATS-SETEMBRE20-300x240.png 300w, https:\/\/bloc.xarxa-omnia.org\/lasalut\/files\/2020\/10\/ACTIVITATS-SETEMBRE20-768x614.png 768w, https:\/\/bloc.xarxa-omnia.org\/lasalut\/files\/2020\/10\/ACTIVITATS-SETEMBRE20-1536x1229.png 1536w\" sizes=\"auto, (max-width: 2000px) 100vw, 2000px\" \/><\/a><\/p>\n<p><a href=\"http:\/\/bloc.xarxa-omnia.org\/lasalut\/?attachment_id=4960\" rel=\"attachment wp-att-4960\"><img loading=\"lazy\" decoding=\"async\" class=\"alignleft size-full wp-image-4960\" src=\"http:\/\/bloc.xarxa-omnia.org\/lasalut\/files\/2020\/10\/CARTEL-SETEMBRE20.png\" alt=\"\" width=\"797\" height=\"686\" srcset=\"https:\/\/bloc.xarxa-omnia.org\/lasalut\/files\/2020\/10\/CARTEL-SETEMBRE20.png 797w, https:\/\/bloc.xarxa-omnia.org\/lasalut\/files\/2020\/10\/CARTEL-SETEMBRE20-300x258.png 300w, https:\/\/bloc.xarxa-omnia.org\/lasalut\/files\/2020\/10\/CARTEL-SETEMBRE20-768x661.png 768w\" sizes=\"auto, (max-width: 797px) 100vw, 797px\" \/><\/a><\/p>\n<!-- AddThis Advanced Settings generic via filter on the_content --><!-- AddThis Share Buttons generic via filter on the_content -->","protected":false},"excerpt":{"rendered":"<p>Amb l&#8217;arribada del setembre hem tornat a la presencialitat. En principi amb molts dubtes, per\u00f2 ara ja tenim encetada la programaci\u00f3 de tardor 2020. Al setembre hem realitzat uns tallers per ensenyar als usuaris i usu\u00e0ries del Casal C\u00edvic a utilizar la plataforma jitsi meet, l&#8217;objectiu va ser que poguessin realitzar les clases en format &#8230; <span class=\"more\"><a class=\"more-link\" href=\"https:\/\/bloc.xarxa-omnia.org\/lasalut\/?p=4958\">[Read more&#8230;]<\/a><\/span><!-- AddThis Advanced Settings generic via filter on get_the_excerpt --><!-- AddThis Share Buttons generic via filter on get_the_excerpt --><\/p>\n","protected":false},"author":135,"featured_media":0,"comment_status":"closed","ping_status":"closed","sticky":false,"template":"","format":"standard","meta":{"ngg_post_thumbnail":0,"footnotes":""},"categories":[58,344,723],"tags":[],"class_list":{"0":"entry","1":"post","2":"publish","3":"author-lasalut","4":"post-4958","6":"format-standard","7":"category-activitats","8":"category-cursos","9":"category-dia-a-dia"},"_links":{"self":[{"href":"https:\/\/bloc.xarxa-omnia.org\/lasalut\/index.php?rest_route=\/wp\/v2\/posts\/4958","targetHints":{"allow":["GET"]}}],"collection":[{"href":"https:\/\/bloc.xarxa-omnia.org\/lasalut\/index.php?rest_route=\/wp\/v2\/posts"}],"about":[{"href":"https:\/\/bloc.xarxa-omnia.org\/lasalut\/index.php?rest_route=\/wp\/v2\/types\/post"}],"author":[{"embeddable":true,"href":"https:\/\/bloc.xarxa-omnia.org\/lasalut\/index.php?rest_route=\/wp\/v2\/users\/135"}],"replies":[{"embeddable":true,"href":"https:\/\/bloc.xarxa-omnia.org\/lasalut\/index.php?rest_route=%2Fwp%2Fv2%2Fcomments&post=4958"}],"version-history":[{"count":3,"href":"https:\/\/bloc.xarxa-omnia.org\/lasalut\/index.php?rest_route=\/wp\/v2\/posts\/4958\/revisions"}],"predecessor-version":[{"id":4963,"href":"https:\/\/bloc.xarxa-omnia.org\/lasalut\/index.php?rest_route=\/wp\/v2\/posts\/4958\/revisions\/4963"}],"wp:attachment":[{"href":"https:\/\/bloc.xarxa-omnia.org\/lasalut\/index.php?rest_route=%2Fwp%2Fv2%2Fmedia&parent=4958"}],"wp:term":[{"taxonomy":"category","embeddable":true,"href":"https:\/\/bloc.xarxa-omnia.org\/lasalut\/index.php?rest_route=%2Fwp%2Fv2%2Fcategories&post=4958"},{"taxonomy":"post_tag","embeddable":true,"href":"https:\/\/bloc.xarxa-omnia.org\/lasalut\/index.php?rest_route=%2Fwp%2Fv2%2Ftags&post=4958"}],"curies":[{"name":"wp","href":"https:\/\/api.w.org\/{rel}","templated":true}]}}