{"id":5010,"date":"2020-11-30T16:26:43","date_gmt":"2020-11-30T14:26:43","guid":{"rendered":"http:\/\/bloc.xarxa-omnia.org\/lasalut\/?p=5010"},"modified":"2020-11-30T16:26:59","modified_gmt":"2020-11-30T14:26:59","slug":"jornada-omnia-2020-2","status":"publish","type":"post","link":"https:\/\/bloc.xarxa-omnia.org\/lasalut\/?p=5010","title":{"rendered":"JORNADA \u00d2MNIA 2020"},"content":{"rendered":"<p>El divendres 27 Vam cel\u00b7lebrar la Jornada \u00d2mnia d&#8217;enguay. La pand\u00e8mia com a centre tem\u00e0tic i la habilitat de la Xarxa \u00d2mnia per re-inventar-se i ser d&#8217;utilitat als nostres usuaris. Es va parlar d&#8217;inclusi\u00f3 social,&nbsp; d&#8217;acci\u00f3 comunit\u00e0ria, i sobre tot de la bretxa digital. Aquest concepte que cr\u00e8iem que estava superat per\u00f2 que la pand\u00e8mia ha demostrat que encara la patim. Compartim el v\u00eddeo que la oficina t\u00e8cnica va realitzar.<\/p>\n<p><a href=\"https:\/\/www.youtube.com\/watch?v=rqn213idDBQ&amp;feature=youtu.be\">video \u00d2mnia 2020<\/a><\/p>\n<p>&nbsp;<\/p>\n<p>&nbsp;<\/p>\n<!-- AddThis Advanced Settings generic via filter on the_content --><!-- AddThis Share Buttons generic via filter on the_content -->","protected":false},"excerpt":{"rendered":"<p>El divendres 27 Vam cel\u00b7lebrar la Jornada \u00d2mnia d&#8217;enguay. La pand\u00e8mia com a centre tem\u00e0tic i la habilitat de la Xarxa \u00d2mnia per re-inventar-se i ser d&#8217;utilitat als nostres usuaris. Es va parlar d&#8217;inclusi\u00f3 social,&nbsp; d&#8217;acci\u00f3 comunit\u00e0ria, i sobre tot de la bretxa digital. Aquest concepte que cr\u00e8iem que estava superat per\u00f2 que la pand\u00e8mia &#8230; <span class=\"more\"><a class=\"more-link\" href=\"https:\/\/bloc.xarxa-omnia.org\/lasalut\/?p=5010\">[Read more&#8230;]<\/a><\/span><!-- AddThis Advanced Settings generic via filter on get_the_excerpt --><!-- AddThis Share Buttons generic via filter on get_the_excerpt --><\/p>\n","protected":false},"author":135,"featured_media":0,"comment_status":"closed","ping_status":"closed","sticky":false,"template":"","format":"standard","meta":{"ngg_post_thumbnail":0,"footnotes":""},"categories":[58,41],"tags":[],"class_list":{"0":"entry","1":"post","2":"publish","3":"author-lasalut","4":"post-5010","6":"format-standard","7":"category-activitats","8":"category-mnia"},"_links":{"self":[{"href":"https:\/\/bloc.xarxa-omnia.org\/lasalut\/index.php?rest_route=\/wp\/v2\/posts\/5010","targetHints":{"allow":["GET"]}}],"collection":[{"href":"https:\/\/bloc.xarxa-omnia.org\/lasalut\/index.php?rest_route=\/wp\/v2\/posts"}],"about":[{"href":"https:\/\/bloc.xarxa-omnia.org\/lasalut\/index.php?rest_route=\/wp\/v2\/types\/post"}],"author":[{"embeddable":true,"href":"https:\/\/bloc.xarxa-omnia.org\/lasalut\/index.php?rest_route=\/wp\/v2\/users\/135"}],"replies":[{"embeddable":true,"href":"https:\/\/bloc.xarxa-omnia.org\/lasalut\/index.php?rest_route=%2Fwp%2Fv2%2Fcomments&post=5010"}],"version-history":[{"count":3,"href":"https:\/\/bloc.xarxa-omnia.org\/lasalut\/index.php?rest_route=\/wp\/v2\/posts\/5010\/revisions"}],"predecessor-version":[{"id":5013,"href":"https:\/\/bloc.xarxa-omnia.org\/lasalut\/index.php?rest_route=\/wp\/v2\/posts\/5010\/revisions\/5013"}],"wp:attachment":[{"href":"https:\/\/bloc.xarxa-omnia.org\/lasalut\/index.php?rest_route=%2Fwp%2Fv2%2Fmedia&parent=5010"}],"wp:term":[{"taxonomy":"category","embeddable":true,"href":"https:\/\/bloc.xarxa-omnia.org\/lasalut\/index.php?rest_route=%2Fwp%2Fv2%2Fcategories&post=5010"},{"taxonomy":"post_tag","embeddable":true,"href":"https:\/\/bloc.xarxa-omnia.org\/lasalut\/index.php?rest_route=%2Fwp%2Fv2%2Ftags&post=5010"}],"curies":[{"name":"wp","href":"https:\/\/api.w.org\/{rel}","templated":true}]}}