{"id":5068,"date":"2021-03-01T11:31:26","date_gmt":"2021-03-01T09:31:26","guid":{"rendered":"http:\/\/bloc.xarxa-omnia.org\/lasalut\/?p=5068"},"modified":"2021-03-01T11:31:58","modified_gmt":"2021-03-01T09:31:58","slug":"plans-ocupacio-a-badalona","status":"publish","type":"post","link":"https:\/\/bloc.xarxa-omnia.org\/lasalut\/?p=5068","title":{"rendered":"PLANS D&#8217;OCUPACI\u00d3 A BADALONA"},"content":{"rendered":"<p>L\u2019Ajuntament de Badalona posa en marxa les accions per a la selecci\u00f3 i contractaci\u00f3 laboral durant 6 mesos de 25 persones en situaci\u00f3 d\u2019atur per al desenvolupament de diverses tasques de suport en la millora dels espais p\u00fablics en els barris de la zona sud de Badalona.<br \/>\nEntre el 22 de febrer i el 4 de mar\u00e7 de 2021, el Servei Municipal d\u2019Ocupaci\u00f3 IMPO es posar\u00e0 en contacte amb aquelles persones que compleixin amb els requisits administratius i amb el perfil del lloc de treball, segons les dades facilitades per les Oficines de Treball del Municipi, per tal d\u2019informar-los de les indicacions del proc\u00e9s de selecci\u00f3.<\/p>\n<p>Requisits de les persones benefici\u00e0ries:<\/p>\n<p>\u2022 Estar inscrits en l\u2019Oficina de Treball de la Generalitat (OTG-SOC) i estar en situaci\u00f3 d\u2019atur no ocupat (DONO).<\/p>\n<p>\u2022 Disposar del perfil requerit de cada lloc de treball.<\/p>\n<p>\u2022 No percebre prestaci\u00f3 contributiva d&#8217;atur.<\/p>\n<p>\u2022 Haver participat o estar participant en qualsevol dels dispositius de Treball als Barris<\/p>\n<p>\u2022 Residir en el territori d\u2019intervenci\u00f3: La Pau, La Salut, Llefi\u00e0, Sant Roc, el Remei i Artigues.<\/p>\n<p>Per a m\u00e9s informaci\u00f3 cal trucar al tel\u00e8fon 93 460 52 00 en horari de 9.00 a 14.00 hores.<\/p>\n<p>La data d\u2019inici del programa es preveu sigui l\u20191 d\u2019 abril de 2021.<\/p>\n<p><a href=\"http:\/\/badalona.cat\/portalWeb\/badalona.portal?_nfpb=true&amp;_pageLabel=contingut_estatic&amp;dCollectionID=4516#wlp_contingut_estatic\">Mes informaci\u00f3 aqui<\/a><\/p>\n<!-- AddThis Advanced Settings generic via filter on the_content --><!-- AddThis Share Buttons generic via filter on the_content -->","protected":false},"excerpt":{"rendered":"<p>L\u2019Ajuntament de Badalona posa en marxa les accions per a la selecci\u00f3 i contractaci\u00f3 laboral durant 6 mesos de 25 persones en situaci\u00f3 d\u2019atur per al desenvolupament de diverses tasques de suport en la millora dels espais p\u00fablics en els barris de la zona sud de Badalona. Entre el 22 de febrer i el 4 &#8230; <span class=\"more\"><a class=\"more-link\" href=\"https:\/\/bloc.xarxa-omnia.org\/lasalut\/?p=5068\">[Read more&#8230;]<\/a><\/span><!-- AddThis Advanced Settings generic via filter on get_the_excerpt --><!-- AddThis Share Buttons generic via filter on get_the_excerpt --><\/p>\n","protected":false},"author":135,"featured_media":0,"comment_status":"closed","ping_status":"closed","sticky":false,"template":"","format":"standard","meta":{"ngg_post_thumbnail":0,"footnotes":""},"categories":[1738,5668],"tags":[],"class_list":{"0":"entry","1":"post","2":"publish","3":"author-lasalut","4":"post-5068","6":"format-standard","7":"category-entitats-del-barri","8":"category-esdeveniments-del-barriciutat"},"_links":{"self":[{"href":"https:\/\/bloc.xarxa-omnia.org\/lasalut\/index.php?rest_route=\/wp\/v2\/posts\/5068","targetHints":{"allow":["GET"]}}],"collection":[{"href":"https:\/\/bloc.xarxa-omnia.org\/lasalut\/index.php?rest_route=\/wp\/v2\/posts"}],"about":[{"href":"https:\/\/bloc.xarxa-omnia.org\/lasalut\/index.php?rest_route=\/wp\/v2\/types\/post"}],"author":[{"embeddable":true,"href":"https:\/\/bloc.xarxa-omnia.org\/lasalut\/index.php?rest_route=\/wp\/v2\/users\/135"}],"replies":[{"embeddable":true,"href":"https:\/\/bloc.xarxa-omnia.org\/lasalut\/index.php?rest_route=%2Fwp%2Fv2%2Fcomments&post=5068"}],"version-history":[{"count":3,"href":"https:\/\/bloc.xarxa-omnia.org\/lasalut\/index.php?rest_route=\/wp\/v2\/posts\/5068\/revisions"}],"predecessor-version":[{"id":5071,"href":"https:\/\/bloc.xarxa-omnia.org\/lasalut\/index.php?rest_route=\/wp\/v2\/posts\/5068\/revisions\/5071"}],"wp:attachment":[{"href":"https:\/\/bloc.xarxa-omnia.org\/lasalut\/index.php?rest_route=%2Fwp%2Fv2%2Fmedia&parent=5068"}],"wp:term":[{"taxonomy":"category","embeddable":true,"href":"https:\/\/bloc.xarxa-omnia.org\/lasalut\/index.php?rest_route=%2Fwp%2Fv2%2Fcategories&post=5068"},{"taxonomy":"post_tag","embeddable":true,"href":"https:\/\/bloc.xarxa-omnia.org\/lasalut\/index.php?rest_route=%2Fwp%2Fv2%2Ftags&post=5068"}],"curies":[{"name":"wp","href":"https:\/\/api.w.org\/{rel}","templated":true}]}}