{"id":5470,"date":"2022-02-25T13:17:59","date_gmt":"2022-02-25T11:17:59","guid":{"rendered":"http:\/\/bloc.xarxa-omnia.org\/lasalut\/?p=5470"},"modified":"2022-02-25T13:17:59","modified_gmt":"2022-02-25T11:17:59","slug":"8m-cami-lila","status":"publish","type":"post","link":"https:\/\/bloc.xarxa-omnia.org\/lasalut\/?p=5470","title":{"rendered":"8M CAM\u00cd LILA"},"content":{"rendered":"<p style=\"text-align: justify\">En la commemoraci\u00f3 del <span style=\"color: #993366\"><strong>8M<\/strong><\/span> desde el <strong>Punt \u00d2mnia Salut Alta i el Casal C\u00edvic Salut Alta<\/strong> us convidem a participar a aquestes activitats:<br \/>\nFem pensament cr\u00edtic i mirem amb perspectiva de g\u00e8nere anuncis de feina, anuncis de televisi\u00f3, refranys, acudits que siguin de caire masclista. Farem una pancarta amb totes aquestes aportacions que tenim penjada al hall del Casal.<\/p>\n<p style=\"text-align: justify\">El dia 1 de mar\u00e7, a les&nbsp; 17.30h, la Yolanda Caballero i la Pilar Fern\u00e1ndez de&nbsp; l&#8217; associaci\u00f3 de dones de llefi\u00e0 vindran al Casal C\u00edvic per explicar-nos el seu projecte <a href=\"https:\/\/www.elperiodico.com\/es\/sociedad\/20211016\/cami-lila-badalona-proyecto-12268086\">&#8220;Cam\u00ed Lila<\/a>&#8220;. Urbanisme amb ulls de dona&#8217; de la m\u00e0 de l&#8217; associaci\u00f3 Llefi@net Xarxa Ciutadana.<\/p>\n<p style=\"text-align: justify\">Un fem un resum del projecte que portan entre mans:<br \/>\nEl mes de desembre passat el grup Dones de Llefi\u00e0 va convocar les dones del barri per fer una din\u00e0mica col\u00b7lectiva on es van marcar els punts m\u00e9s conflictius de la zona. En total, 40 dones, dividides en grups de tres, van passejar per diferents parts del barri per detectar les defici\u00e8ncies urban\u00edstiques.<\/p>\n<p style=\"text-align: justify\">El projecte s&#8217;ha materialitzat 10 mesos despr\u00e9s a un mapa interactiu, desenvolupat per l&#8217;associaci\u00f3 Llefi@net, on es poden veure els 323 punts conflictius de Llefi\u00e0 classificats en quatre categories: il\u00b7luminaci\u00f3, llocs poc transitats, obstacles i racons. L&#8217;objectiu \u00e9s transformar el barri en un espai segur per a les dones, per\u00f2 tamb\u00e9 per a tots els ve\u00efns.<\/p>\n<p style=\"text-align: justify\">Una iniciativa molt interessant!<\/p>\n<p>&nbsp;<\/p>\n<p>&nbsp;<\/p>\n<p><a href=\"http:\/\/bloc.xarxa-omnia.org\/lasalut\/?attachment_id=5471\" rel=\"attachment wp-att-5471\"><br \/>\n<img loading=\"lazy\" decoding=\"async\" class=\"alignleft size-full wp-image-5471\" src=\"http:\/\/bloc.xarxa-omnia.org\/lasalut\/files\/2022\/02\/8M.png\" alt=\"\" width=\"1587\" height=\"2245\" srcset=\"https:\/\/bloc.xarxa-omnia.org\/lasalut\/files\/2022\/02\/8M.png 1587w, https:\/\/bloc.xarxa-omnia.org\/lasalut\/files\/2022\/02\/8M-212x300.png 212w, https:\/\/bloc.xarxa-omnia.org\/lasalut\/files\/2022\/02\/8M-768x1086.png 768w, https:\/\/bloc.xarxa-omnia.org\/lasalut\/files\/2022\/02\/8M-1086x1536.png 1086w, https:\/\/bloc.xarxa-omnia.org\/lasalut\/files\/2022\/02\/8M-1448x2048.png 1448w\" sizes=\"auto, (max-width: 1587px) 100vw, 1587px\" \/><\/a><\/p>\n<!-- AddThis Advanced Settings generic via filter on the_content --><!-- AddThis Share Buttons generic via filter on the_content -->","protected":false},"excerpt":{"rendered":"<p>En la commemoraci\u00f3 del 8M desde el Punt \u00d2mnia Salut Alta i el Casal C\u00edvic Salut Alta us convidem a participar a aquestes activitats: Fem pensament cr\u00edtic i mirem amb perspectiva de g\u00e8nere anuncis de feina, anuncis de televisi\u00f3, refranys, acudits que siguin de caire masclista. Farem una pancarta amb totes aquestes aportacions que tenim &#8230; <span class=\"more\"><a class=\"more-link\" href=\"https:\/\/bloc.xarxa-omnia.org\/lasalut\/?p=5470\">[Read more&#8230;]<\/a><\/span><!-- AddThis Advanced Settings generic via filter on get_the_excerpt --><!-- AddThis Share Buttons generic via filter on get_the_excerpt --><\/p>\n","protected":false},"author":135,"featured_media":0,"comment_status":"closed","ping_status":"closed","sticky":false,"template":"","format":"standard","meta":{"ngg_post_thumbnail":0,"footnotes":""},"categories":[58,5668],"tags":[],"class_list":{"0":"entry","1":"post","2":"publish","3":"author-lasalut","4":"post-5470","6":"format-standard","7":"category-activitats","8":"category-esdeveniments-del-barriciutat"},"_links":{"self":[{"href":"https:\/\/bloc.xarxa-omnia.org\/lasalut\/index.php?rest_route=\/wp\/v2\/posts\/5470","targetHints":{"allow":["GET"]}}],"collection":[{"href":"https:\/\/bloc.xarxa-omnia.org\/lasalut\/index.php?rest_route=\/wp\/v2\/posts"}],"about":[{"href":"https:\/\/bloc.xarxa-omnia.org\/lasalut\/index.php?rest_route=\/wp\/v2\/types\/post"}],"author":[{"embeddable":true,"href":"https:\/\/bloc.xarxa-omnia.org\/lasalut\/index.php?rest_route=\/wp\/v2\/users\/135"}],"replies":[{"embeddable":true,"href":"https:\/\/bloc.xarxa-omnia.org\/lasalut\/index.php?rest_route=%2Fwp%2Fv2%2Fcomments&post=5470"}],"version-history":[{"count":3,"href":"https:\/\/bloc.xarxa-omnia.org\/lasalut\/index.php?rest_route=\/wp\/v2\/posts\/5470\/revisions"}],"predecessor-version":[{"id":5474,"href":"https:\/\/bloc.xarxa-omnia.org\/lasalut\/index.php?rest_route=\/wp\/v2\/posts\/5470\/revisions\/5474"}],"wp:attachment":[{"href":"https:\/\/bloc.xarxa-omnia.org\/lasalut\/index.php?rest_route=%2Fwp%2Fv2%2Fmedia&parent=5470"}],"wp:term":[{"taxonomy":"category","embeddable":true,"href":"https:\/\/bloc.xarxa-omnia.org\/lasalut\/index.php?rest_route=%2Fwp%2Fv2%2Fcategories&post=5470"},{"taxonomy":"post_tag","embeddable":true,"href":"https:\/\/bloc.xarxa-omnia.org\/lasalut\/index.php?rest_route=%2Fwp%2Fv2%2Ftags&post=5470"}],"curies":[{"name":"wp","href":"https:\/\/api.w.org\/{rel}","templated":true}]}}