{"id":5589,"date":"2022-04-27T16:31:03","date_gmt":"2022-04-27T14:31:03","guid":{"rendered":"http:\/\/bloc.xarxa-omnia.org\/lasalut\/?p=5589"},"modified":"2022-04-28T14:08:37","modified_gmt":"2022-04-28T12:08:37","slug":"el-punt-omnia-salut-alta-als-medis-de-badalona","status":"publish","type":"post","link":"https:\/\/bloc.xarxa-omnia.org\/lasalut\/?p=5589","title":{"rendered":"EL PUNT \u00d2MNIA SALUT ALTA ALS MEDIS DE BADALONA"},"content":{"rendered":"<p><iframe loading=\"lazy\" title=\"Classes d&#039;iniciaci\u00f3 a la inform\u00e0tica per a persones grans al Punt \u00d2mnia Salut Alta - Badalona Tres60\" width=\"700\" height=\"394\" src=\"https:\/\/www.youtube.com\/embed\/FhqRQms4-24?feature=oembed\" frameborder=\"0\" allow=\"accelerometer; autoplay; clipboard-write; encrypted-media; gyroscope; picture-in-picture\" allowfullscreen><\/iframe><\/p>\n<p><iframe loading=\"lazy\" title=\"La senyora Rosa a Badalona Mat\u00ed\" width=\"700\" height=\"394\" src=\"https:\/\/www.youtube.com\/embed\/WqxvIqxbMyw?feature=oembed\" frameborder=\"0\" allow=\"accelerometer; autoplay; clipboard-write; encrypted-media; gyroscope; picture-in-picture\" allowfullscreen><\/iframe><\/p>\n<p><span class=\"style-scope yt-formatted-string\" dir=\"auto\">Aquesta setmana ens han visitat&nbsp; diversos medis de Badalona. Amb la Mobile Week de Badalona de fons <a href=\"https:\/\/mweek.com\/eventos\/lista\">https:\/\/mweek.com\/eventos\/lista<\/a>\/ . El Dilluns ens va visitar el programa <a href=\"https:\/\/www.radiociutatdebadalona.cat\">https:\/\/www.radiociutatdebadalona.cat<\/a>\/. a l&#8217;activitat <strong>Explica&#8217;ns la teva historia.<\/strong><\/span><\/p>\n<p>Us compartim l&#8217;enlla\u00e7 al Podcats del programa per si voleu sentir les entrevistes. (Minut 35&#8242;)<\/p>\n<p><span class=\"style-scope yt-formatted-string\" dir=\"auto\"><strong><a href=\"https:\/\/enacast.com\/radiob\/embed\/podcast?id=radiob_podcast_15531\">https:\/\/enacast.com\/radiob\/embed\/podcast?id=radiob_podcast_15531<\/a><\/strong><\/span><\/p>\n<p><span class=\"style-scope yt-formatted-string\" dir=\"auto\">El dimarts dia 26 el programa <a href=\"https:\/\/www.bdncom.cat\/badalonatres60\">Badalona 360<\/a> van posar el focus en la gent gran, perqu\u00e8 s&#8217;estima que 1 de cada 4 persones grans no tenen acc\u00e9s a internet per falta d&#8217;habilitats. La visita ha sigut el primer dia de classe d\u2019iniciaci\u00f3 a la inform\u00e0tica per majors de 60&nbsp; del Punt \u00d2mnia de la Salut Alta. A partir d&#8217;ara aquest taller acollir\u00e0 una desena d&#8217;alumnes cada dimarts de 15h a <\/span><a class=\"yt-simple-endpoint style-scope yt-formatted-string\">16:30<\/a><span class=\"style-scope yt-formatted-string\" dir=\"auto\">h de la tarda, amb l&#8217;objectiu de millorar les seves habilitats amb l&#8217;ordinador o les tauletes. <\/span><\/p>\n<p>&nbsp;<\/p>\n<p>&nbsp;<\/p>\n<!-- AddThis Advanced Settings generic via filter on the_content --><!-- AddThis Share Buttons generic via filter on the_content -->","protected":false},"excerpt":{"rendered":"<p>Aquesta setmana ens han visitat&nbsp; diversos medis de Badalona. Amb la Mobile Week de Badalona de fons https:\/\/mweek.com\/eventos\/lista\/ . El Dilluns ens va visitar el programa https:\/\/www.radiociutatdebadalona.cat\/. a l&#8217;activitat Explica&#8217;ns la teva historia. Us compartim l&#8217;enlla\u00e7 al Podcats del programa per si voleu sentir les entrevistes. (Minut 35&#8242;) https:\/\/enacast.com\/radiob\/embed\/podcast?id=radiob_podcast_15531 El dimarts dia 26 el programa &#8230; <span class=\"more\"><a class=\"more-link\" href=\"https:\/\/bloc.xarxa-omnia.org\/lasalut\/?p=5589\">[Read more&#8230;]<\/a><\/span><!-- AddThis Advanced Settings generic via filter on get_the_excerpt --><!-- AddThis Share Buttons generic via filter on get_the_excerpt --><\/p>\n","protected":false},"author":135,"featured_media":0,"comment_status":"closed","ping_status":"closed","sticky":false,"template":"","format":"standard","meta":{"ngg_post_thumbnail":0,"footnotes":""},"categories":[41],"tags":[35529],"class_list":{"0":"entry","1":"post","2":"publish","3":"author-lasalut","4":"post-5589","6":"format-standard","7":"category-mnia","8":"post_tag-medis-badalona"},"_links":{"self":[{"href":"https:\/\/bloc.xarxa-omnia.org\/lasalut\/index.php?rest_route=\/wp\/v2\/posts\/5589","targetHints":{"allow":["GET"]}}],"collection":[{"href":"https:\/\/bloc.xarxa-omnia.org\/lasalut\/index.php?rest_route=\/wp\/v2\/posts"}],"about":[{"href":"https:\/\/bloc.xarxa-omnia.org\/lasalut\/index.php?rest_route=\/wp\/v2\/types\/post"}],"author":[{"embeddable":true,"href":"https:\/\/bloc.xarxa-omnia.org\/lasalut\/index.php?rest_route=\/wp\/v2\/users\/135"}],"replies":[{"embeddable":true,"href":"https:\/\/bloc.xarxa-omnia.org\/lasalut\/index.php?rest_route=%2Fwp%2Fv2%2Fcomments&post=5589"}],"version-history":[{"count":5,"href":"https:\/\/bloc.xarxa-omnia.org\/lasalut\/index.php?rest_route=\/wp\/v2\/posts\/5589\/revisions"}],"predecessor-version":[{"id":5600,"href":"https:\/\/bloc.xarxa-omnia.org\/lasalut\/index.php?rest_route=\/wp\/v2\/posts\/5589\/revisions\/5600"}],"wp:attachment":[{"href":"https:\/\/bloc.xarxa-omnia.org\/lasalut\/index.php?rest_route=%2Fwp%2Fv2%2Fmedia&parent=5589"}],"wp:term":[{"taxonomy":"category","embeddable":true,"href":"https:\/\/bloc.xarxa-omnia.org\/lasalut\/index.php?rest_route=%2Fwp%2Fv2%2Fcategories&post=5589"},{"taxonomy":"post_tag","embeddable":true,"href":"https:\/\/bloc.xarxa-omnia.org\/lasalut\/index.php?rest_route=%2Fwp%2Fv2%2Ftags&post=5589"}],"curies":[{"name":"wp","href":"https:\/\/api.w.org\/{rel}","templated":true}]}}