{"id":5963,"date":"2023-07-03T17:45:11","date_gmt":"2023-07-03T15:45:11","guid":{"rendered":"http:\/\/bloc.xarxa-omnia.org\/lasalut\/?p=5963"},"modified":"2023-07-19T11:10:39","modified_gmt":"2023-07-19T09:10:39","slug":"descobrint-la-magia-del-parc-guell-de-barcelona-una-sortida-inoblidable-amb-lomnia-destiu","status":"publish","type":"post","link":"https:\/\/bloc.xarxa-omnia.org\/lasalut\/?p=5963","title":{"rendered":"Descobrint la m\u00e0gia del Parc G\u00fcell de Barcelona: Una sortida inoblidable amb l&#8217;\u00d2mnia d&#8217;Estiu"},"content":{"rendered":"<figure class=\"wp-block-gallery columns-1 is-cropped wp-block-gallery-1 is-layout-flex wp-block-gallery-is-layout-flex\">\n<ul class=\"blocks-gallery-grid\">\n<li class=\"blocks-gallery-item\">\n<figure><img loading=\"lazy\" decoding=\"async\" width=\"4000\" height=\"2250\" src=\"https:\/\/bloc.xarxa-omnia.org\/lasalut\/files\/2023\/07\/IMG_20230630_122017-1.jpg\" alt=\"\" data-id=\"5969\" data-link=\"https:\/\/bloc.xarxa-omnia.org\/lasalut\/?attachment_id=5969\" class=\"wp-image-5969\" \/><\/figure>\n<\/li>\n<\/ul>\n<\/figure>\n<p>L&#8217;estiu \u00e9s una \u00e8poca perfecta per a les aventures i les activitats enriquidores. El passat divendres dia 30 de Juny, arrenc\u00e0vem les activitats de l&#8217;\u00d2mnia d&#8217;Estiu amb la primera sortida, el Parc G\u00fcell de Barcelona. Va ser una experi\u00e8ncia m\u00e0gica i inoblidable per a totes les persones participants. <\/p>\n<p>El Parc G\u00fcell \u00e9s un dels llocs m\u00e9s emblem\u00e0tics i reconeguts de Barcelona, conegut per la seva arquitectura peculiar i els seus jardins exuberants. Abans de la sortida, l&#8217;esperan\u00e7a i l&#8217;emoci\u00f3 eren palpables entre les persones participants. Moltes d&#8217;elles mai havien visitat el parc, i l&#8217;oportunitat d&#8217;explorar-lo va despertar la seva curiositat i entusiasme.<\/p>\n<p>En arribar al Parc G\u00fcell, les persones participants van quedar meravellades per l&#8217;arquitectura fascinant i surrealistes que Antoni Gaud\u00ed va crear. Van rec\u00f3rrer els camins serpentejants adornats amb trencad\u00eds colorit, admirant les formes org\u00e0niques i els detalls intricats de les estructures. Aprendre sobre la vida i l&#8217;obra de Gaud\u00ed els va permetre apreciar l&#8217;art i l&#8217;arquitectura d&#8217;una manera totalment nova.<\/p>\n<p>El Parc G\u00fcell ofereix una oportunitat \u00fanica de connectar amb la natura en un entorn urb\u00e0. Les persones participants van gaudir d&#8217;explorar els jardins, relaxant-se sota l&#8217;ombra dels arbres i gaudint de les vistes panor\u00e0miques de Barcelona. Aquesta experi\u00e8ncia va permetre als participants prendre consci\u00e8ncia de la import\u00e0ncia de preservar i valorar el medi ambient, alhora que els oferia un espai per relaxar-se i recarregar les seves energies.<\/p>\n<p>La sortida al Parc G\u00fcell va ser una oportunitat per a les persones participants de l&#8217;\u00d2mnia per con\u00e8ixer-se millor i establir vincles m\u00e9s forts entre elles. Van compartir rialles, an\u00e8cdotes i moments especials mentre exploraven el parc. Aquesta experi\u00e8ncia compartida va crear records duradors i va fomentar la cohesi\u00f3 grupal, refor\u00e7ant la sensaci\u00f3 d&#8217;una comunitat unida i solid\u00e0ria.<\/p>\n<p>Aquesta sortida de l&#8217;\u00d2mnia va ser una experi\u00e8ncia que va combinar la bellesa de l&#8217;art, la natura i la connexi\u00f3 humana. Les persones participants van descobrir la m\u00e0gia de l&#8217;arquitectura de Gaud\u00ed, es van connectar amb la natura i van crear vincles amb els seus companys. Aquesta sortida no nom\u00e9s va enriquir les seves vides, sin\u00f3 que tamb\u00e9 els va inspirar a explorar m\u00e9s enll\u00e0 i a abra\u00e7ar altres aventures i oportunitats. Amb l&#8217;esperan\u00e7a de futures sortides emocionants, l&#8217;\u00d2mnia continua fomentant la creaci\u00f3 de records inoblidables i el creixement personal de les persones participants.<\/p>\n<figure class=\"wp-block-gallery aligncenter columns-3 is-cropped wp-block-gallery-2 is-layout-flex wp-block-gallery-is-layout-flex\">\n<ul class=\"blocks-gallery-grid\">\n<li class=\"blocks-gallery-item\">\n<figure><img loading=\"lazy\" decoding=\"async\" width=\"4000\" height=\"2250\" src=\"https:\/\/bloc.xarxa-omnia.org\/lasalut\/files\/2023\/07\/IMG_20230630_105640.jpg\" alt=\"\" data-id=\"5965\" data-link=\"https:\/\/bloc.xarxa-omnia.org\/lasalut\/?attachment_id=5965\" class=\"wp-image-5965\" \/><\/figure>\n<\/li>\n<li class=\"blocks-gallery-item\">\n<figure><img loading=\"lazy\" decoding=\"async\" width=\"4000\" height=\"2250\" src=\"https:\/\/bloc.xarxa-omnia.org\/lasalut\/files\/2023\/07\/IMG_20230630_112326.jpg\" alt=\"\" data-id=\"5966\" data-link=\"https:\/\/bloc.xarxa-omnia.org\/lasalut\/?attachment_id=5966\" class=\"wp-image-5966\" \/><\/figure>\n<\/li>\n<li class=\"blocks-gallery-item\">\n<figure><img loading=\"lazy\" decoding=\"async\" width=\"4000\" height=\"2250\" src=\"https:\/\/bloc.xarxa-omnia.org\/lasalut\/files\/2023\/07\/IMG_20230630_114452.jpg\" alt=\"\" data-id=\"5967\" data-link=\"https:\/\/bloc.xarxa-omnia.org\/lasalut\/?attachment_id=5967\" class=\"wp-image-5967\" \/><\/figure>\n<\/li>\n<li class=\"blocks-gallery-item\">\n<figure><img loading=\"lazy\" decoding=\"async\" width=\"4000\" height=\"2250\" src=\"https:\/\/bloc.xarxa-omnia.org\/lasalut\/files\/2023\/07\/IMG_20230630_120232.jpg\" alt=\"\" data-id=\"5968\" data-link=\"https:\/\/bloc.xarxa-omnia.org\/lasalut\/?attachment_id=5968\" class=\"wp-image-5968\" \/><\/figure>\n<\/li>\n<\/ul>\n<\/figure>\n<!-- AddThis Advanced Settings generic via filter on the_content --><!-- AddThis Share Buttons generic via filter on the_content -->","protected":false},"excerpt":{"rendered":"<p>L&#8217;estiu \u00e9s una \u00e8poca perfecta per a les aventures i les activitats enriquidores. El passat divendres dia 30 de Juny, arrenc\u00e0vem les activitats de l&#8217;\u00d2mnia d&#8217;Estiu amb la primera sortida, el Parc G\u00fcell de Barcelona. Va ser una experi\u00e8ncia m\u00e0gica i inoblidable per a totes les persones participants. El Parc G\u00fcell \u00e9s un dels llocs &#8230; <span class=\"more\"><a class=\"more-link\" href=\"https:\/\/bloc.xarxa-omnia.org\/lasalut\/?p=5963\">[Read more&#8230;]<\/a><\/span><!-- AddThis Advanced Settings generic via filter on get_the_excerpt --><!-- AddThis Share Buttons generic via filter on get_the_excerpt --><\/p>\n","protected":false},"author":135,"featured_media":0,"comment_status":"closed","ping_status":"closed","sticky":false,"template":"","format":"standard","meta":{"ngg_post_thumbnail":0,"footnotes":""},"categories":[41],"tags":[510,7872,1047,554,1587,1424,283,1066,1197,1143,7869],"class_list":{"0":"entry","1":"post","2":"publish","3":"author-lasalut","4":"post-5963","6":"format-standard","7":"category-mnia","8":"post_tag-activitat","9":"post_tag-activitats","10":"post_tag-companys","11":"post_tag-comunitat","12":"post_tag-descobrir","13":"post_tag-entorn","14":"post_tag-estiu","15":"post_tag-gaudi","16":"post_tag-gaudir","17":"post_tag-grup","18":"post_tag-mnia"},"_links":{"self":[{"href":"https:\/\/bloc.xarxa-omnia.org\/lasalut\/index.php?rest_route=\/wp\/v2\/posts\/5963","targetHints":{"allow":["GET"]}}],"collection":[{"href":"https:\/\/bloc.xarxa-omnia.org\/lasalut\/index.php?rest_route=\/wp\/v2\/posts"}],"about":[{"href":"https:\/\/bloc.xarxa-omnia.org\/lasalut\/index.php?rest_route=\/wp\/v2\/types\/post"}],"author":[{"embeddable":true,"href":"https:\/\/bloc.xarxa-omnia.org\/lasalut\/index.php?rest_route=\/wp\/v2\/users\/135"}],"replies":[{"embeddable":true,"href":"https:\/\/bloc.xarxa-omnia.org\/lasalut\/index.php?rest_route=%2Fwp%2Fv2%2Fcomments&post=5963"}],"version-history":[{"count":2,"href":"https:\/\/bloc.xarxa-omnia.org\/lasalut\/index.php?rest_route=\/wp\/v2\/posts\/5963\/revisions"}],"predecessor-version":[{"id":6004,"href":"https:\/\/bloc.xarxa-omnia.org\/lasalut\/index.php?rest_route=\/wp\/v2\/posts\/5963\/revisions\/6004"}],"wp:attachment":[{"href":"https:\/\/bloc.xarxa-omnia.org\/lasalut\/index.php?rest_route=%2Fwp%2Fv2%2Fmedia&parent=5963"}],"wp:term":[{"taxonomy":"category","embeddable":true,"href":"https:\/\/bloc.xarxa-omnia.org\/lasalut\/index.php?rest_route=%2Fwp%2Fv2%2Fcategories&post=5963"},{"taxonomy":"post_tag","embeddable":true,"href":"https:\/\/bloc.xarxa-omnia.org\/lasalut\/index.php?rest_route=%2Fwp%2Fv2%2Ftags&post=5963"}],"curies":[{"name":"wp","href":"https:\/\/api.w.org\/{rel}","templated":true}]}}