{"id":5971,"date":"2023-07-05T14:33:42","date_gmt":"2023-07-05T12:33:42","guid":{"rendered":"http:\/\/bloc.xarxa-omnia.org\/lasalut\/?p=5971"},"modified":"2023-07-05T14:33:43","modified_gmt":"2023-07-05T12:33:43","slug":"comencant-el-taller-cuina-destiu-a-la-cassoleta-amb-la-fundacio-badalona-capac","status":"publish","type":"post","link":"https:\/\/bloc.xarxa-omnia.org\/lasalut\/?p=5971","title":{"rendered":"Comen\u00e7ant el Taller &#8220;Cuina d&#8217;Estiu a la Cassoleta&#8221; amb la Fundaci\u00f3 Badalona Capa\u00e7"},"content":{"rendered":"<p>Avui estem emocionats de compartir amb vosaltres una experi\u00e8ncia culin\u00e0ria extraordin\u00e0ria. Hem iniciat el taller &#8220;Cuina d&#8217;Estiu a la Cassoleta&#8221; en col\u00b7laboraci\u00f3 amb les usu\u00e0ries de la Fundaci\u00f3 Badalona Capa\u00e7. Aquesta fundaci\u00f3 treballa amb persones amb discapacitat i tenir l&#8217;oportunitat de participar en aquesta activitat tan especial \u00e9s un aut\u00e8ntic plaer.<\/p>\n<p>Durant aquest taller, ens endinsarem en el m\u00f3n de les receptes fredes i explorarem les possibilitats que ens ofereix la tecnologia. Amb l&#8217;\u00fas dels ordinadors, naveguem i busquem les millors receptes, mentre que els nostres m\u00f2bils ens permeten capturar cada moment de cuina en foto i v\u00eddeo. Aix\u00ed, aconseguim conservar aquests records incre\u00efbles i compartir-los amb tots vosaltres.<\/p>\n<p>Per comen\u00e7ar, ens hem submergit en una recepta cl\u00e0ssica i refrescant: el gaspatxo. Amb molta cura i entusiasme, hem seleccionat els ingredients frescos i hem creat una sopa freda deliciosa. Les usu\u00e0ries de la Fundaci\u00f3 Badalona Capa\u00e7 han demostrat un talent culinari impressionant i la seva participaci\u00f3 activa ha afegit una gran dosi de diversi\u00f3 i inspiraci\u00f3 a l&#8217;activitat.<\/p>\n<p>Aquesta experi\u00e8ncia no nom\u00e9s ens permet aprendre noves habilitats culin\u00e0ries, sin\u00f3 que tamb\u00e9 ens brinda l&#8217;oportunitat de crear vincles humans significatius i fomentar la inclusi\u00f3. Treballar de la m\u00e0 amb les usu\u00e0ries de la Fundaci\u00f3 Badalona Capa\u00e7 ens recorda que la passi\u00f3 per la cuina no t\u00e9 barreres i que tothom t\u00e9 alguna cosa especial per oferir en la cuina.<\/p>\n<p>Us convidem a seguir-nos en aquest apassionant viatge gastron\u00f2mic. Estigueu atents al nostre bloc per a m\u00e9s actualitzacions d&#8217;aquesta experi\u00e8ncia amb nosaltres. Agra\u00efm tot el suport i l&#8217;amor que rebem de la comunitat.<\/p>\n<div class=\"wp-block-image\">\n<figure class=\"aligncenter size-large is-resized\"><img loading=\"lazy\" decoding=\"async\" src=\"https:\/\/bloc.xarxa-omnia.org\/lasalut\/files\/2023\/07\/IMG_20230705_114147.jpg\" alt=\"\" class=\"wp-image-5972\" width=\"369\" height=\"491\" \/><\/figure>\n<\/div>\n<!-- AddThis Advanced Settings generic via filter on the_content --><!-- AddThis Share Buttons generic via filter on the_content -->","protected":false},"excerpt":{"rendered":"<p>Avui estem emocionats de compartir amb vosaltres una experi\u00e8ncia culin\u00e0ria extraordin\u00e0ria. Hem iniciat el taller &#8220;Cuina d&#8217;Estiu a la Cassoleta&#8221; en col\u00b7laboraci\u00f3 amb les usu\u00e0ries de la Fundaci\u00f3 Badalona Capa\u00e7. Aquesta fundaci\u00f3 treballa amb persones amb discapacitat i tenir l&#8217;oportunitat de participar en aquesta activitat tan especial \u00e9s un aut\u00e8ntic plaer. Durant aquest taller, ens &#8230; <span class=\"more\"><a class=\"more-link\" href=\"https:\/\/bloc.xarxa-omnia.org\/lasalut\/?p=5971\">[Read more&#8230;]<\/a><\/span><!-- AddThis Advanced Settings generic via filter on get_the_excerpt --><!-- AddThis Share Buttons generic via filter on get_the_excerpt --><\/p>\n","protected":false},"author":135,"featured_media":0,"comment_status":"closed","ping_status":"closed","sticky":false,"template":"","format":"standard","meta":{"ngg_post_thumbnail":0,"footnotes":""},"categories":[41],"tags":[],"class_list":{"0":"entry","1":"post","2":"publish","3":"author-lasalut","4":"post-5971","6":"format-standard","7":"category-mnia"},"_links":{"self":[{"href":"https:\/\/bloc.xarxa-omnia.org\/lasalut\/index.php?rest_route=\/wp\/v2\/posts\/5971","targetHints":{"allow":["GET"]}}],"collection":[{"href":"https:\/\/bloc.xarxa-omnia.org\/lasalut\/index.php?rest_route=\/wp\/v2\/posts"}],"about":[{"href":"https:\/\/bloc.xarxa-omnia.org\/lasalut\/index.php?rest_route=\/wp\/v2\/types\/post"}],"author":[{"embeddable":true,"href":"https:\/\/bloc.xarxa-omnia.org\/lasalut\/index.php?rest_route=\/wp\/v2\/users\/135"}],"replies":[{"embeddable":true,"href":"https:\/\/bloc.xarxa-omnia.org\/lasalut\/index.php?rest_route=%2Fwp%2Fv2%2Fcomments&post=5971"}],"version-history":[{"count":1,"href":"https:\/\/bloc.xarxa-omnia.org\/lasalut\/index.php?rest_route=\/wp\/v2\/posts\/5971\/revisions"}],"predecessor-version":[{"id":5973,"href":"https:\/\/bloc.xarxa-omnia.org\/lasalut\/index.php?rest_route=\/wp\/v2\/posts\/5971\/revisions\/5973"}],"wp:attachment":[{"href":"https:\/\/bloc.xarxa-omnia.org\/lasalut\/index.php?rest_route=%2Fwp%2Fv2%2Fmedia&parent=5971"}],"wp:term":[{"taxonomy":"category","embeddable":true,"href":"https:\/\/bloc.xarxa-omnia.org\/lasalut\/index.php?rest_route=%2Fwp%2Fv2%2Fcategories&post=5971"},{"taxonomy":"post_tag","embeddable":true,"href":"https:\/\/bloc.xarxa-omnia.org\/lasalut\/index.php?rest_route=%2Fwp%2Fv2%2Ftags&post=5971"}],"curies":[{"name":"wp","href":"https:\/\/api.w.org\/{rel}","templated":true}]}}