{"id":6051,"date":"2023-11-10T13:53:00","date_gmt":"2023-11-10T11:53:00","guid":{"rendered":"https:\/\/bloc.xarxa-omnia.org\/lasalut\/?p=6051"},"modified":"2023-11-10T13:53:01","modified_gmt":"2023-11-10T11:53:01","slug":"creem-imatges-amb-intelligencia-artificial","status":"publish","type":"post","link":"https:\/\/bloc.xarxa-omnia.org\/lasalut\/?p=6051","title":{"rendered":"Creem imatges amb Intel\u00b7lig\u00e8ncia Artificial"},"content":{"rendered":"<p>Mat\u00ed de creaci\u00f3 amb Intel\u00b7lig\u00e8ncia Artificial. <\/p>\n<p>Els nois i noies de la Fundaci\u00f3 Badalona Capa\u00e7 han estat generant imatges de personatges i \u00e9ssers fant\u00e0stics d&#8217;una hist\u00f2ria d&#8217;aventures. <\/p>\n<p>B\u00e8sties ferotges, robots, guerreres, mags i alguna superhero\u00efna!<\/p>\n<p>Quina imaginaci\u00f3!<\/p>\n<figure class=\"wp-block-gallery has-nested-images columns-default is-cropped wp-block-gallery-1 is-layout-flex wp-block-gallery-is-layout-flex\">\n<figure class=\"wp-block-image size-large\"><a href=\"https:\/\/bloc.xarxa-omnia.org\/lasalut\/files\/2023\/11\/Firefly-dibuja-un-guerrero-hombre-muy-musculado-estilo-medieval.-Su-pelo-es-rubio.-tiene-barba-corta.jpg\"><img loading=\"lazy\" decoding=\"async\" width=\"2048\" height=\"2048\" data-id=\"6056\" src=\"https:\/\/bloc.xarxa-omnia.org\/lasalut\/files\/2023\/11\/Firefly-dibuja-un-guerrero-hombre-muy-musculado-estilo-medieval.-Su-pelo-es-rubio.-tiene-barba-corta.jpg\" alt=\"\" class=\"wp-image-6056\" \/><\/a><\/figure>\n<figure class=\"wp-block-image size-large\"><a href=\"https:\/\/bloc.xarxa-omnia.org\/lasalut\/files\/2023\/11\/Firefly-GUERRERO-ESCUDO-ESPADA-CHICA-PELO-RUBIA-92615.jpg\"><img loading=\"lazy\" decoding=\"async\" width=\"2048\" height=\"2048\" data-id=\"6055\" src=\"https:\/\/bloc.xarxa-omnia.org\/lasalut\/files\/2023\/11\/Firefly-GUERRERO-ESCUDO-ESPADA-CHICA-PELO-RUBIA-92615.jpg\" alt=\"\" class=\"wp-image-6055\" \/><\/a><\/figure>\n<figure class=\"wp-block-image size-large\"><a href=\"https:\/\/bloc.xarxa-omnia.org\/lasalut\/files\/2023\/11\/Firefly-homer-malo-hullk-demonio-90650.jpg\"><img loading=\"lazy\" decoding=\"async\" width=\"2048\" height=\"2048\" data-id=\"6054\" src=\"https:\/\/bloc.xarxa-omnia.org\/lasalut\/files\/2023\/11\/Firefly-homer-malo-hullk-demonio-90650.jpg\" alt=\"\" class=\"wp-image-6054\" \/><\/a><\/figure>\n<figure class=\"wp-block-image size-large\"><a href=\"https:\/\/bloc.xarxa-omnia.org\/lasalut\/files\/2023\/11\/Firefly-monstruo-peludo-y-que-no-es-peligroso-y-vive-en-un-castillo-las-patas-son-grandes-y-tiene-l.jpg\"><img loading=\"lazy\" decoding=\"async\" width=\"2048\" height=\"2048\" data-id=\"6053\" src=\"https:\/\/bloc.xarxa-omnia.org\/lasalut\/files\/2023\/11\/Firefly-monstruo-peludo-y-que-no-es-peligroso-y-vive-en-un-castillo-las-patas-son-grandes-y-tiene-l.jpg\" alt=\"\" class=\"wp-image-6053\" \/><\/a><\/figure>\n<figure class=\"wp-block-image size-large\"><a href=\"https:\/\/bloc.xarxa-omnia.org\/lasalut\/files\/2023\/11\/Firefly-MONSTRUO-TIERRA-COLMILLO-DE-JABALI-GARRA-DE-UN-OSO-CUERNO-BUFALO-DE-MIEDO-VIVE-CASTILLO-7285.jpg\"><img loading=\"lazy\" decoding=\"async\" width=\"2048\" height=\"2048\" data-id=\"6057\" src=\"https:\/\/bloc.xarxa-omnia.org\/lasalut\/files\/2023\/11\/Firefly-MONSTRUO-TIERRA-COLMILLO-DE-JABALI-GARRA-DE-UN-OSO-CUERNO-BUFALO-DE-MIEDO-VIVE-CASTILLO-7285.jpg\" alt=\"\" class=\"wp-image-6057\" \/><\/a><\/figure>\n<figure class=\"wp-block-image size-large\"><a href=\"https:\/\/bloc.xarxa-omnia.org\/lasalut\/files\/2023\/11\/Firefly-tranformers-robot-muy-grande-97818.jpg\"><img loading=\"lazy\" decoding=\"async\" width=\"2048\" height=\"2048\" data-id=\"6058\" src=\"https:\/\/bloc.xarxa-omnia.org\/lasalut\/files\/2023\/11\/Firefly-tranformers-robot-muy-grande-97818.jpg\" alt=\"\" class=\"wp-image-6058\" \/><\/a><\/figure>\n<figure class=\"wp-block-image size-large\"><a href=\"https:\/\/bloc.xarxa-omnia.org\/lasalut\/files\/2023\/11\/Firefly-un-mago-anciano-estilo-medieval.-Lleva-el-pelo-largo-blanco-y-una-gran-barba-blanca-que-le-l.jpg\"><img loading=\"lazy\" decoding=\"async\" width=\"2048\" height=\"2048\" data-id=\"6060\" src=\"https:\/\/bloc.xarxa-omnia.org\/lasalut\/files\/2023\/11\/Firefly-un-mago-anciano-estilo-medieval.-Lleva-el-pelo-largo-blanco-y-una-gran-barba-blanca-que-le-l.jpg\" alt=\"\" class=\"wp-image-6060\" \/><\/a><\/figure>\n<figure class=\"wp-block-image size-large\"><a href=\"https:\/\/bloc.xarxa-omnia.org\/lasalut\/files\/2023\/11\/Firefly-un-monstruo-marino-estilo-hidra.-con-escamas-de-colore-azules.-ojos-rojos.-dientos-afilados.jpg\"><img loading=\"lazy\" decoding=\"async\" width=\"2048\" height=\"2048\" data-id=\"6061\" src=\"https:\/\/bloc.xarxa-omnia.org\/lasalut\/files\/2023\/11\/Firefly-un-monstruo-marino-estilo-hidra.-con-escamas-de-colore-azules.-ojos-rojos.-dientos-afilados.jpg\" alt=\"\" class=\"wp-image-6061\" \/><\/a><\/figure>\n<figure class=\"wp-block-image size-large\"><a href=\"https:\/\/bloc.xarxa-omnia.org\/lasalut\/files\/2023\/11\/Firefly-un-monstruo-parecido-a-un-oso-estilo-fantasia.-su-pelo-es-marron-oscuro-con-grandes-garras.-.jpg\"><img loading=\"lazy\" decoding=\"async\" width=\"2048\" height=\"2048\" data-id=\"6059\" src=\"https:\/\/bloc.xarxa-omnia.org\/lasalut\/files\/2023\/11\/Firefly-un-monstruo-parecido-a-un-oso-estilo-fantasia.-su-pelo-es-marron-oscuro-con-grandes-garras.-.jpg\" alt=\"\" class=\"wp-image-6059\" \/><\/a><\/figure>\n<figure class=\"wp-block-image size-large\"><a href=\"https:\/\/bloc.xarxa-omnia.org\/lasalut\/files\/2023\/11\/Firefly-una-bestia-estilo-fantasia-de-gran-tamano-peluda-y-con-aspecto-peligroso-que-parece-un-lob.jpg\"><img loading=\"lazy\" decoding=\"async\" width=\"2048\" height=\"2048\" data-id=\"6062\" src=\"https:\/\/bloc.xarxa-omnia.org\/lasalut\/files\/2023\/11\/Firefly-una-bestia-estilo-fantasia-de-gran-tamano-peluda-y-con-aspecto-peligroso-que-parece-un-lob.jpg\" alt=\"\" class=\"wp-image-6062\" \/><\/a><\/figure>\n<figure class=\"wp-block-image size-large\"><a href=\"https:\/\/bloc.xarxa-omnia.org\/lasalut\/files\/2023\/11\/Firefly-una-chica-guerrera-estilo-medieval.-Pelo-largo-suelto-movido-por-el-viento-color-purpura.-o-1.jpg\"><img loading=\"lazy\" decoding=\"async\" width=\"2048\" height=\"2048\" data-id=\"6063\" src=\"https:\/\/bloc.xarxa-omnia.org\/lasalut\/files\/2023\/11\/Firefly-una-chica-guerrera-estilo-medieval.-Pelo-largo-suelto-movido-por-el-viento-color-purpura.-o-1.jpg\" alt=\"\" class=\"wp-image-6063\" \/><\/a><\/figure>\n<figure class=\"wp-block-image size-large\"><a href=\"https:\/\/bloc.xarxa-omnia.org\/lasalut\/files\/2023\/11\/Firefly-Una-superheroina-con-el-poder-de-la-superfuerza-que-lanza-un-rayo-amarillo-con-sus-manos-par-3.jpg\"><img loading=\"lazy\" decoding=\"async\" width=\"2048\" height=\"2048\" data-id=\"6066\" src=\"https:\/\/bloc.xarxa-omnia.org\/lasalut\/files\/2023\/11\/Firefly-Una-superheroina-con-el-poder-de-la-superfuerza-que-lanza-un-rayo-amarillo-con-sus-manos-par-3.jpg\" alt=\"\" class=\"wp-image-6066\" \/><\/a><\/figure>\n<figure class=\"wp-block-image size-large\"><a href=\"https:\/\/bloc.xarxa-omnia.org\/lasalut\/files\/2023\/11\/Firefly-Una-superheroina-con-poder-de-superfuerza-tiene-el-pelo-corto-y-negro-y-va-vestida-con-un-t-1.jpg\"><img loading=\"lazy\" decoding=\"async\" width=\"2048\" height=\"2048\" data-id=\"6064\" src=\"https:\/\/bloc.xarxa-omnia.org\/lasalut\/files\/2023\/11\/Firefly-Una-superheroina-con-poder-de-superfuerza-tiene-el-pelo-corto-y-negro-y-va-vestida-con-un-t-1.jpg\" alt=\"\" class=\"wp-image-6064\" \/><\/a><\/figure>\n<figure class=\"wp-block-image size-large\"><a href=\"https:\/\/bloc.xarxa-omnia.org\/lasalut\/files\/2023\/11\/Firefly-vampiro-de-colombiano-tiene-cabeza-rodonda-i-poco-peludo-i-tienes-ojos-rosa-i-orejas-bonitas-1.jpg\"><img loading=\"lazy\" decoding=\"async\" width=\"2048\" height=\"2048\" data-id=\"6065\" src=\"https:\/\/bloc.xarxa-omnia.org\/lasalut\/files\/2023\/11\/Firefly-vampiro-de-colombiano-tiene-cabeza-rodonda-i-poco-peludo-i-tienes-ojos-rosa-i-orejas-bonitas-1.jpg\" alt=\"\" class=\"wp-image-6065\" \/><\/a><\/figure>\n<\/figure>\n<!-- AddThis Advanced Settings generic via filter on the_content --><!-- AddThis Share Buttons generic via filter on the_content -->","protected":false},"excerpt":{"rendered":"<p>Mat\u00ed de creaci\u00f3 amb Intel\u00b7lig\u00e8ncia Artificial. Els nois i noies de la Fundaci\u00f3 Badalona Capa\u00e7 han estat generant imatges de personatges i \u00e9ssers fant\u00e0stics d&#8217;una hist\u00f2ria d&#8217;aventures. B\u00e8sties ferotges, robots, guerreres, mags i alguna superhero\u00efna! Quina imaginaci\u00f3!<!-- AddThis Advanced Settings generic via filter on get_the_excerpt --><!-- AddThis Share Buttons generic via filter on get_the_excerpt --><\/p>\n","protected":false},"author":135,"featured_media":0,"comment_status":"closed","ping_status":"closed","sticky":false,"template":"","format":"standard","meta":{"ngg_post_thumbnail":0,"footnotes":""},"categories":[41],"tags":[],"class_list":{"0":"entry","1":"post","2":"publish","3":"author-lasalut","4":"post-6051","6":"format-standard","7":"category-mnia"},"_links":{"self":[{"href":"https:\/\/bloc.xarxa-omnia.org\/lasalut\/index.php?rest_route=\/wp\/v2\/posts\/6051","targetHints":{"allow":["GET"]}}],"collection":[{"href":"https:\/\/bloc.xarxa-omnia.org\/lasalut\/index.php?rest_route=\/wp\/v2\/posts"}],"about":[{"href":"https:\/\/bloc.xarxa-omnia.org\/lasalut\/index.php?rest_route=\/wp\/v2\/types\/post"}],"author":[{"embeddable":true,"href":"https:\/\/bloc.xarxa-omnia.org\/lasalut\/index.php?rest_route=\/wp\/v2\/users\/135"}],"replies":[{"embeddable":true,"href":"https:\/\/bloc.xarxa-omnia.org\/lasalut\/index.php?rest_route=%2Fwp%2Fv2%2Fcomments&post=6051"}],"version-history":[{"count":1,"href":"https:\/\/bloc.xarxa-omnia.org\/lasalut\/index.php?rest_route=\/wp\/v2\/posts\/6051\/revisions"}],"predecessor-version":[{"id":6067,"href":"https:\/\/bloc.xarxa-omnia.org\/lasalut\/index.php?rest_route=\/wp\/v2\/posts\/6051\/revisions\/6067"}],"wp:attachment":[{"href":"https:\/\/bloc.xarxa-omnia.org\/lasalut\/index.php?rest_route=%2Fwp%2Fv2%2Fmedia&parent=6051"}],"wp:term":[{"taxonomy":"category","embeddable":true,"href":"https:\/\/bloc.xarxa-omnia.org\/lasalut\/index.php?rest_route=%2Fwp%2Fv2%2Fcategories&post=6051"},{"taxonomy":"post_tag","embeddable":true,"href":"https:\/\/bloc.xarxa-omnia.org\/lasalut\/index.php?rest_route=%2Fwp%2Fv2%2Ftags&post=6051"}],"curies":[{"name":"wp","href":"https:\/\/api.w.org\/{rel}","templated":true}]}}