{"id":6130,"date":"2024-04-26T13:34:05","date_gmt":"2024-04-26T11:34:05","guid":{"rendered":"https:\/\/bloc.xarxa-omnia.org\/lasalut\/?p=6130"},"modified":"2024-09-03T10:15:20","modified_gmt":"2024-09-03T08:15:20","slug":"la-llegenda-de-sant-jordi-amb-intelligencia-artificial","status":"publish","type":"post","link":"https:\/\/bloc.xarxa-omnia.org\/lasalut\/?p=6130","title":{"rendered":"La llegenda de Sant Jordi amb Intel\u00b7lig\u00e8ncia Artificial"},"content":{"rendered":"<p><strong>Les persones participants de la Fundaci\u00f3 Badalona Capa\u00e7 han creat la llegenda de Sant Jordi emprant \u00fanicament eines d&#8217;intel\u00b7lig\u00e8ncia artificial! <\/strong><\/p>\n<hr class=\"wp-block-separator has-alpha-channel-opacity\" \/>\n<div class=\"wp-block-image\">\n<figure class=\"alignright size-full is-resized\"><a href=\"https:\/\/bloc.xarxa-omnia.org\/lasalut\/files\/2024\/04\/Screenshot-2024-04-26-at-12-04-32-Disseny-sense-titol.png\"><img loading=\"lazy\" decoding=\"async\" width=\"908\" height=\"908\" src=\"https:\/\/bloc.xarxa-omnia.org\/lasalut\/files\/2024\/04\/Screenshot-2024-04-26-at-12-04-32-Disseny-sense-titol.png\" alt=\"\" class=\"wp-image-6131\" style=\"width:377px;height:377px\" \/><\/a><\/figure>\n<\/div>\n<p>En el m\u00e9s profund de la hist\u00f2ria de Catalunya hi ha una llegenda tant antiga com captivadora, una narrativa que ha perdurat al llarg dels segles, teixint el seu encant en els cors de les generacions. \u00c9s la llegenda de Sant Jordi, un relat de valor, amor i l&#8217;eterna lluita entre el b\u00e9 i el mal.<\/p>\n<p>En les ombres dels temps antics, quan els xiuxiuejos del vent acaronaven les muralles dels castells i les estrelles brillaven com a guardianes en el cel nocturn, es gestava la llegenda de Sant Jordi. En aquells dies, Catalunya era un regne marcat per la intriga i la foscor, on un drac d&#8217;escates negres sembrava el terror entre els habitants, devorant bestiar i amena\u00e7ant amb el seu al\u00e8 de foc les aldees m\u00e9s remotes.<\/p>\n<p>A la cort del rei, es reuneixen el monarca i els seus consellers per discutir l&#8217;amena\u00e7a del drac que ha sorgit al regne.<\/p>\n<p>&#8211; Els meus lleials consellers, hem rebut not\u00edcies alarmants.- Va dir el rei amb preocupaci\u00f3 &#8211; Un temible drac ha aparegut a les nostres terres, causant estralls i sembrant la por entre els nostres s\u00fabdits. Hem d&#8217;actuar amb dilig\u00e8ncia per protegir el nostre poble i assegurar la pau al regne.<\/p>\n<p>&#8211; Majestat, l&#8217;arribada d&#8217;un drac \u00e9s una amena\u00e7a de proporcions catastr\u00f2fiques. El seu foc pot reduir les nostres ciutats a cendres en q\u00fcesti\u00f3 de minuts. Hem d&#8217;estar preparats per enfrontar aquest desafiament amb totes les nostres forces.<\/p>\n<p>-Estic d&#8217;acord, senyor. Suggereixo que mobilitzem els nostres millors cavallers i soldats per enfrontar el drac en combat. A m\u00e9s, podr\u00edem convocar els mags i bruixots del regne perqu\u00e8 ens ajudin amb els seus coneixements en la batalla. <\/p>\n<div class=\"wp-block-image\">\n<figure class=\"alignleft size-full is-resized\"><a href=\"https:\/\/bloc.xarxa-omnia.org\/lasalut\/files\/2024\/04\/Screenshot-2024-04-26-at-12-04-45-Disseny-sense-titol.png\"><img loading=\"lazy\" decoding=\"async\" width=\"908\" height=\"908\" src=\"https:\/\/bloc.xarxa-omnia.org\/lasalut\/files\/2024\/04\/Screenshot-2024-04-26-at-12-04-45-Disseny-sense-titol.png\" alt=\"\" class=\"wp-image-6132\" style=\"width:357px;height:357px\" \/><\/a><\/figure>\n<\/div>\n<p>-\u00c9s una estrat\u00e8gia valenta, per\u00f2 tamb\u00e9 arriscada &#8211; va dir el rei. Enfrontar el drac en combat directe podria resultar en grans p\u00e8rdues per a les nostres forces. Necessitem pensar amb precauci\u00f3 i considerar totes les possibilitats.<\/p>\n<p>&#8211; Senyor, qu\u00e8 tal si busquem una soluci\u00f3 pac\u00edfica en lloc de rec\u00f3rrer a la viol\u00e8ncia? Podr\u00edem intentar negociar amb el drac, oferint-li alguna cosa a canvi que abandoni les nostres terres i ens permeti viure en pau.<\/p>\n<p>El rei, reflexiu va dir,<\/p>\n<p>-Aquesta \u00e9s una idea interessant, conseller. Si podem trobar alguna cosa que el drac valori prou per a abandonar el seu atac, podr\u00edem evitar vessament de sang innecessari. Per\u00f2 hem de ser prudents i estar preparats per a qualsevol eventualitat.<\/p>\n<p>-Per descomptat, Majestat. Investigarem totes les opcions i ens assegurarem que el regne estigui preparat per enfrontar qualsevol desafiament que es presenti. Junts, trobarem una soluci\u00f3 per a aquesta crisi.<\/p>\n<p>El rei i els seus consellers continuen discutint estrat\u00e8gies i plans d&#8217;acci\u00f3 per fer front a l&#8217;amena\u00e7a del drac, treballant junts per protegir el regne i la seva gent.<\/p>\n<p>Despr\u00e9s de la reuni\u00f3 del rei i els seus consellers, on van decidir enviar els soldats a matar el drac, aquests es van llan\u00e7ar valentament cap a la cova on habitava la b\u00e8stia. No obstant aix\u00f2, el drac era un enemic formidable i ferotge, i els soldats no van ser rivals per a ell. En una fero\u00e7 batalla, el drac va derrotar els soldats, devorant-los un per un.<\/p>\n<div class=\"wp-block-image\">\n<figure class=\"alignleft size-full is-resized\"><a href=\"https:\/\/bloc.xarxa-omnia.org\/lasalut\/files\/2024\/04\/Screenshot-2024-04-26-at-12-04-57-Disseny-sense-titol.png\"><img loading=\"lazy\" decoding=\"async\" width=\"908\" height=\"908\" src=\"https:\/\/bloc.xarxa-omnia.org\/lasalut\/files\/2024\/04\/Screenshot-2024-04-26-at-12-04-57-Disseny-sense-titol.png\" alt=\"\" class=\"wp-image-6135\" style=\"width:312px;height:312px\" \/><\/a><\/figure>\n<\/div>\n<p>Despr\u00e9s d&#8217;aquesta devastadora derrota, el poble estava submergit en la por i la desesperaci\u00f3. El rei, desesperat per salvar el seu poble i la seva filla, va decidir acceptar la demanda del drac: entregar una persona jove com a sacrifici per aplacar la seva ira.<\/p>\n<p>-&#8220;S\u00fabdits meus! Com sabeu, el nostre regne ha estat assolat per la f\u00faria d&#8217;un terrible drac que amena\u00e7a de destruir les nostres terres i acabar amb la nostra pau. Ho hem intentat tot per derrotar-lo, per\u00f2 sense \u00e8xit. Ens enfrontem a temps foscos i dif\u00edcils.&#8221;<\/p>\n<p>&#8211; &#8220;Oh, majestat! Qu\u00e8 podem fer per protegir-nos del drac?&#8221;- va dir un pag\u00e8s.<\/p>\n<p>&#8211; &#8220;Hem sacrificat els nostres b\u00e9ns m\u00e9s preuats, hem enviat els nostres millors guerrers, per\u00f2 res ha aturat el seu avan\u00e7. Ja no queden m\u00e9s opcions. Nom\u00e9s una vegada cada generaci\u00f3, l&#8217;antiga profecia ens ofereix una possibilitat. Una jove donzella ha d&#8217;oferir-se com a sacrifici per aplanar el drac i salvar el nostre regne&#8221;.<\/p>\n<div class=\"wp-block-image\">\n<figure class=\"alignright size-full is-resized\"><a href=\"https:\/\/bloc.xarxa-omnia.org\/lasalut\/files\/2024\/04\/Screenshot-2024-04-26-at-12-05-06-Disseny-sense-titol.png\"><img loading=\"lazy\" decoding=\"async\" width=\"908\" height=\"908\" src=\"https:\/\/bloc.xarxa-omnia.org\/lasalut\/files\/2024\/04\/Screenshot-2024-04-26-at-12-05-06-Disseny-sense-titol.png\" alt=\"\" class=\"wp-image-6133\" style=\"width:364px;height:364px\" \/><\/a><\/figure>\n<\/div>\n<p>&#8211; &#8220;Per\u00f2, el meu rei! Qui podria fer tal sacrifici?&#8221; &#8211; va dir preocupada una jove pastora.<\/p>\n<p>&#8211; &#8220;Pare, s\u00fabdits, escolteu-me. Si aquest sacrifici \u00e9s el que es requereix per salvar el nostre regne i el nostre poble, jo m&#8217;oferir\u00e9 volunt\u00e0ria. Assumir\u00e9 aquesta tasca amb honor i valor, si amb aix\u00f2 puc protegir la nostra gent&#8221;.<\/p>\n<p>Commogut el rei digu\u00e9,<\/p>\n<p>&#8211; &#8220;Filla meva, aquest acte de valentia no passar\u00e0 desapercebut. Si decideixes enfrontar-te al drac, ho far\u00e0s amb el cor d&#8217;una veritable hero\u00efna. Que deu s&#8217;acompanyin en aquesta empresa i que el teu sacrifici no sigui en va&#8221;.<\/p>\n<p>El poble, amb ll\u00e0grimes als ulls, veu partir la princesa cap a les urpes del drac, amb l&#8217;esperan\u00e7a que el seu acte de coratge porti la salvaci\u00f3 al regne.<\/p>\n<div class=\"wp-block-image\">\n<figure class=\"alignleft size-full is-resized\"><a href=\"https:\/\/bloc.xarxa-omnia.org\/lasalut\/files\/2024\/04\/Screenshot-2024-04-26-at-12-05-16-Disseny-sense-titol.png\"><img loading=\"lazy\" decoding=\"async\" width=\"908\" height=\"908\" src=\"https:\/\/bloc.xarxa-omnia.org\/lasalut\/files\/2024\/04\/Screenshot-2024-04-26-at-12-05-16-Disseny-sense-titol.png\" alt=\"\" class=\"wp-image-6134\" style=\"width:348px;height:348px\" \/><\/a><\/figure>\n<\/div>\n<p>&#8211; &#8220;M&#8217;ofereixo com a sacrifici per salvar el meu regne del terror que has sembrat, oh maldit drac&#8221;.<\/p>\n<p>&#8211; &#8220;La teva valentia \u00e9s in\u00fatil, princesa. La meva fam no pot ser saciada per paraules&#8221;.<\/p>\n<p>De sobte, sota una llum divina, un cavaller sobre un cavall blanc vestit amb una t\u00fanica blanca amb una gran creu vermella i armat amb una llan\u00e7a, va apar\u00e8ixer.<\/p>\n<p>&#8211; Atura&#8217;t, b\u00e8stia vil. No permetr\u00e9 que facis mal a aquesta noble dama&#8221;.<\/p>\n<p>&#8211; &#8220;Sant Jordi, cavaller arrogant! Com et permets interposar-te en el meu cam\u00ed?&#8221; &#8211; va dir el drac<\/p>\n<p>&#8211; &#8220;No permetr\u00e9 que la teva maldat continu\u00ef. Aquesta princesa \u00e9s innocent i no mereix ser la teva presa&#8221;.<\/p>\n<div class=\"wp-block-image\">\n<figure class=\"alignright size-full is-resized\"><a href=\"https:\/\/bloc.xarxa-omnia.org\/lasalut\/files\/2024\/04\/Screenshot-2024-04-26-at-12-57-35-Disseny-sense-titol.png\"><img loading=\"lazy\" decoding=\"async\" width=\"908\" height=\"908\" src=\"https:\/\/bloc.xarxa-omnia.org\/lasalut\/files\/2024\/04\/Screenshot-2024-04-26-at-12-57-35-Disseny-sense-titol.png\" alt=\"\" class=\"wp-image-6136\" style=\"width:323px;height:323px\" \/><\/a><\/figure>\n<\/div>\n<p>&#8211; &#8220;La teva insol\u00e8ncia ser\u00e0 la teva perdici\u00f3, cavaller! Prepara&#8217;t per enfrontar-te a la meva f\u00faria!&#8221;<\/p>\n<p>Amb un rugit ensordidor, el drac es llan\u00e7a cap a Sant Jordi, desencadenant la seva f\u00faria amb flames ardents. El valent cavaller esquiv\u00e0 gaireb\u00e9 els embats del monstre, amb la seva llan\u00e7a enlairada i el seu corb en renillant de determinaci\u00f3.<\/p>\n<p>Amb cada envestida, Sant Jordi buscava una obertura, esperant el moment prec\u00eds per contraatacar. Amb un gir r\u00e0pid, el cavaller va aconseguir esquivar les flames i arribar al drac amb la seva llan\u00e7a, travessant la seva escamosa pell.<\/p>\n<p>El monstre rug\u00ed de dolor i sorpresa, per\u00f2 Sant Jordi no vacil\u00b7l\u00e0. Amb un \u00faltim esfor\u00e7, clav\u00e0 la seva llan\u00e7a profundament al cor del drac, posant fi al seu regnat de terror.<\/p>\n<div class=\"wp-block-image\">\n<figure class=\"alignleft size-full is-resized\"><a href=\"https:\/\/bloc.xarxa-omnia.org\/lasalut\/files\/2024\/04\/Screenshot-2024-04-26-at-13-06-09-Disseny-sense-titol.png\"><img loading=\"lazy\" decoding=\"async\" width=\"908\" height=\"908\" src=\"https:\/\/bloc.xarxa-omnia.org\/lasalut\/files\/2024\/04\/Screenshot-2024-04-26-at-13-06-09-Disseny-sense-titol.png\" alt=\"\" class=\"wp-image-6137\" style=\"width:313px;height:313px\" \/><\/a><\/figure>\n<\/div>\n<p>El monstre caigu\u00e9 pesadament a terra, el seu rugit apagat per sempre. La princesa, alliberada del perill, corregu\u00e9 cap a Sant Jordi amb gratitud als seus ulls.<\/p>\n<p>De les ferides del drac brollaren roses vermelles, brillants i fragants, com si la mateixa sang del monstre es transform\u00e9s en bellesa.<\/p>\n<p>La gent del regne, at\u00f2nita davant el miracle presenciat, s&#8217;agenolla en gratitud i admiraci\u00f3. Les roses es dispersaren per terra, omplint l&#8217;aire amb el seu dol\u00e7 aroma i omplint els cors amb esperan\u00e7a i alegria.<\/p>\n<p>Sant Jordi, amb humilitat, recoll\u00ed una de les roses i l&#8217;ofereix a la princesa a qui havia jurat protegir.<\/p>\n<p>La princesa, amb ll\u00e0grimes de felicitat als seus ulls, accept\u00e0 la rosa amb gratitud. \u00c9s llavors quan el regne sencer s&#8217;uneix en celebraci\u00f3, honorant el coratge i la valentia de Sant Jordi, aix\u00ed com la bellesa i la fragilitat de la vida que ara floreix fins i tot en el lloc m\u00e9s inesperat. I aix\u00ed, amb el drac derrotat i les roses florint, la llegenda de Sant Jordi perdura.<\/p>\n<div class=\"wp-block-image\">\n<figure class=\"aligncenter size-full is-resized\"><a href=\"https:\/\/bloc.xarxa-omnia.org\/lasalut\/files\/2024\/04\/Screenshot-2024-04-26-at-13-08-36-Disseny-sense-titol.png\"><img loading=\"lazy\" decoding=\"async\" width=\"908\" height=\"908\" src=\"https:\/\/bloc.xarxa-omnia.org\/lasalut\/files\/2024\/04\/Screenshot-2024-04-26-at-13-08-36-Disseny-sense-titol.png\" alt=\"\" class=\"wp-image-6138\" style=\"width:381px;height:381px\" \/><\/a><\/figure>\n<\/div>\n<p>#\u00d2mniaSantJordi<\/p>\n<!-- AddThis Advanced Settings generic via filter on the_content --><!-- AddThis Share Buttons generic via filter on the_content -->","protected":false},"excerpt":{"rendered":"<p>Les persones participants de la Fundaci\u00f3 Badalona Capa\u00e7 han creat la llegenda de Sant Jordi emprant \u00fanicament eines d&#8217;intel\u00b7lig\u00e8ncia artificial! En el m\u00e9s profund de la hist\u00f2ria de Catalunya hi ha una llegenda tant antiga com captivadora, una narrativa que ha perdurat al llarg dels segles, teixint el seu encant en els cors de les &#8230; <span class=\"more\"><a class=\"more-link\" href=\"https:\/\/bloc.xarxa-omnia.org\/lasalut\/?p=6130\">[Read more&#8230;]<\/a><\/span><!-- AddThis Advanced Settings generic via filter on get_the_excerpt --><!-- AddThis Share Buttons generic via filter on get_the_excerpt --><\/p>\n","protected":false},"author":135,"featured_media":0,"comment_status":"closed","ping_status":"closed","sticky":false,"template":"","format":"standard","meta":{"ngg_post_thumbnail":0,"footnotes":""},"categories":[41],"tags":[],"class_list":{"0":"entry","1":"post","2":"publish","3":"author-lasalut","4":"post-6130","6":"format-standard","7":"category-mnia"},"_links":{"self":[{"href":"https:\/\/bloc.xarxa-omnia.org\/lasalut\/index.php?rest_route=\/wp\/v2\/posts\/6130","targetHints":{"allow":["GET"]}}],"collection":[{"href":"https:\/\/bloc.xarxa-omnia.org\/lasalut\/index.php?rest_route=\/wp\/v2\/posts"}],"about":[{"href":"https:\/\/bloc.xarxa-omnia.org\/lasalut\/index.php?rest_route=\/wp\/v2\/types\/post"}],"author":[{"embeddable":true,"href":"https:\/\/bloc.xarxa-omnia.org\/lasalut\/index.php?rest_route=\/wp\/v2\/users\/135"}],"replies":[{"embeddable":true,"href":"https:\/\/bloc.xarxa-omnia.org\/lasalut\/index.php?rest_route=%2Fwp%2Fv2%2Fcomments&post=6130"}],"version-history":[{"count":2,"href":"https:\/\/bloc.xarxa-omnia.org\/lasalut\/index.php?rest_route=\/wp\/v2\/posts\/6130\/revisions"}],"predecessor-version":[{"id":6176,"href":"https:\/\/bloc.xarxa-omnia.org\/lasalut\/index.php?rest_route=\/wp\/v2\/posts\/6130\/revisions\/6176"}],"wp:attachment":[{"href":"https:\/\/bloc.xarxa-omnia.org\/lasalut\/index.php?rest_route=%2Fwp%2Fv2%2Fmedia&parent=6130"}],"wp:term":[{"taxonomy":"category","embeddable":true,"href":"https:\/\/bloc.xarxa-omnia.org\/lasalut\/index.php?rest_route=%2Fwp%2Fv2%2Fcategories&post=6130"},{"taxonomy":"post_tag","embeddable":true,"href":"https:\/\/bloc.xarxa-omnia.org\/lasalut\/index.php?rest_route=%2Fwp%2Fv2%2Ftags&post=6130"}],"curies":[{"name":"wp","href":"https:\/\/api.w.org\/{rel}","templated":true}]}}