{"id":6288,"date":"2025-11-24T13:38:59","date_gmt":"2025-11-24T11:38:59","guid":{"rendered":"https:\/\/bloc.xarxa-omnia.org\/lasalut\/?p=6288"},"modified":"2025-11-24T13:38:59","modified_gmt":"2025-11-24T11:38:59","slug":"20n-celebrem-el-dia-universal-de-la-infancia","status":"publish","type":"post","link":"https:\/\/bloc.xarxa-omnia.org\/lasalut\/?p=6288","title":{"rendered":"20N, celebrem el Dia Universal de la Inf\u00e0ncia"},"content":{"rendered":"<p>Cada any, aquesta data ens convida a aturar-nos un moment i reflexionar sobre el paper que tenen els infants en el nostre present i en el nostre futur. No es tracta nom\u00e9s d\u2019un dia al calendari, sin\u00f3 d\u2019un recordatori poder\u00f3s: <em>cada infant mereix cr\u00e9ixer envoltat d\u2019amor, respecte i oportunitats<\/em>.<\/p>\n<p>El benestar dels infants \u00e9s responsabilitat de tota la comunitat. Quan garantim el dret a l\u2019educaci\u00f3, a la salut, al joc i a un entorn segur, estem sembrant les llavors d\u2019una societat m\u00e9s justa i humanit\u00e0ria. Cada petit gest \u2014una paraula amable, una mirada atenta, un espai on se sentin escoltats\u2014 contribueix a construir aquest futur que desitgem.<\/p>\n<p>Avui reivindiquem que totes les veus petites siguin escoltades i valorades. Escoltar la inf\u00e0ncia no \u00e9s nom\u00e9s donar-los espai per parlar, sin\u00f3 tamb\u00e9 valorar les seves opinions, entendre les seves emocions i acompanyar-los en el seu creixement.<\/p>\n<p><strong>Constru\u00efm un futur en qu\u00e8 tots els infants puguin cr\u00e9ixer lliures, protegits i plens d\u2019esperan\u00e7a. Perqu\u00e8 el m\u00f3n que volem dem\u00e0 comen\u00e7a amb les oportunitats que oferim avui.<\/strong><\/p>\n<figure class=\"wp-block-image size-full\"><a href=\"https:\/\/bloc.xarxa-omnia.org\/lasalut\/files\/2025\/11\/20N.png\"><img loading=\"lazy\" decoding=\"async\" width=\"1080\" height=\"1080\" src=\"https:\/\/bloc.xarxa-omnia.org\/lasalut\/files\/2025\/11\/20N.png\" alt=\"\" class=\"wp-image-6289\" srcset=\"https:\/\/bloc.xarxa-omnia.org\/lasalut\/files\/2025\/11\/20N.png 1080w, https:\/\/bloc.xarxa-omnia.org\/lasalut\/files\/2025\/11\/20N-300x300.png 300w, https:\/\/bloc.xarxa-omnia.org\/lasalut\/files\/2025\/11\/20N-150x150.png 150w, https:\/\/bloc.xarxa-omnia.org\/lasalut\/files\/2025\/11\/20N-768x768.png 768w\" sizes=\"auto, (max-width: 1080px) 100vw, 1080px\" \/><\/a><\/figure>\n<!-- AddThis Advanced Settings generic via filter on the_content --><!-- AddThis Share Buttons generic via filter on the_content -->","protected":false},"excerpt":{"rendered":"<p>Cada any, aquesta data ens convida a aturar-nos un moment i reflexionar sobre el paper que tenen els infants en el nostre present i en el nostre futur. No es tracta nom\u00e9s d\u2019un dia al calendari, sin\u00f3 d\u2019un recordatori poder\u00f3s: cada infant mereix cr\u00e9ixer envoltat d\u2019amor, respecte i oportunitats. El benestar dels infants \u00e9s responsabilitat &#8230; <span class=\"more\"><a class=\"more-link\" href=\"https:\/\/bloc.xarxa-omnia.org\/lasalut\/?p=6288\">[Read more&#8230;]<\/a><\/span><!-- AddThis Advanced Settings generic via filter on get_the_excerpt --><!-- AddThis Share Buttons generic via filter on get_the_excerpt --><\/p>\n","protected":false},"author":135,"featured_media":0,"comment_status":"closed","ping_status":"closed","sticky":false,"template":"","format":"standard","meta":{"ngg_post_thumbnail":0,"footnotes":""},"categories":[41],"tags":[],"class_list":{"0":"entry","1":"post","2":"publish","3":"author-lasalut","4":"post-6288","6":"format-standard","7":"category-mnia"},"_links":{"self":[{"href":"https:\/\/bloc.xarxa-omnia.org\/lasalut\/index.php?rest_route=\/wp\/v2\/posts\/6288","targetHints":{"allow":["GET"]}}],"collection":[{"href":"https:\/\/bloc.xarxa-omnia.org\/lasalut\/index.php?rest_route=\/wp\/v2\/posts"}],"about":[{"href":"https:\/\/bloc.xarxa-omnia.org\/lasalut\/index.php?rest_route=\/wp\/v2\/types\/post"}],"author":[{"embeddable":true,"href":"https:\/\/bloc.xarxa-omnia.org\/lasalut\/index.php?rest_route=\/wp\/v2\/users\/135"}],"replies":[{"embeddable":true,"href":"https:\/\/bloc.xarxa-omnia.org\/lasalut\/index.php?rest_route=%2Fwp%2Fv2%2Fcomments&post=6288"}],"version-history":[{"count":1,"href":"https:\/\/bloc.xarxa-omnia.org\/lasalut\/index.php?rest_route=\/wp\/v2\/posts\/6288\/revisions"}],"predecessor-version":[{"id":6290,"href":"https:\/\/bloc.xarxa-omnia.org\/lasalut\/index.php?rest_route=\/wp\/v2\/posts\/6288\/revisions\/6290"}],"wp:attachment":[{"href":"https:\/\/bloc.xarxa-omnia.org\/lasalut\/index.php?rest_route=%2Fwp%2Fv2%2Fmedia&parent=6288"}],"wp:term":[{"taxonomy":"category","embeddable":true,"href":"https:\/\/bloc.xarxa-omnia.org\/lasalut\/index.php?rest_route=%2Fwp%2Fv2%2Fcategories&post=6288"},{"taxonomy":"post_tag","embeddable":true,"href":"https:\/\/bloc.xarxa-omnia.org\/lasalut\/index.php?rest_route=%2Fwp%2Fv2%2Ftags&post=6288"}],"curies":[{"name":"wp","href":"https:\/\/api.w.org\/{rel}","templated":true}]}}