{"id":6297,"date":"2025-11-25T09:00:00","date_gmt":"2025-11-25T07:00:00","guid":{"rendered":"https:\/\/bloc.xarxa-omnia.org\/lasalut\/?p=6297"},"modified":"2025-11-24T13:43:50","modified_gmt":"2025-11-24T11:43:50","slug":"25n-prou-a-la-violencia-contra-les-dones","status":"publish","type":"post","link":"https:\/\/bloc.xarxa-omnia.org\/lasalut\/?p=6297","title":{"rendered":"25N: Prou a la viol\u00e8ncia contra les dones"},"content":{"rendered":"<p>El 25 de novembre \u00e9s molt m\u00e9s que una data al calendari. \u00c9s un recordatori de les hist\u00f2ries de moltes dones que han patit viol\u00e8ncia i un crit col\u00b7lectiu per construir un m\u00f3n on cap dona se senti insegura o invisible. \u00c9s un dia per reflexionar, denunciar i, sobretot, actuar.<\/p>\n<p>A la Xarxa \u00d2mnia, cada dia treballem per empoderar les dones. Ho fem a trav\u00e9s de la formaci\u00f3 digital, que obre noves oportunitats; a trav\u00e9s d\u2019espais comunitaris, on compartir experi\u00e8ncies i aprendre de manera col\u00b7lectiva; i a trav\u00e9s d\u2019activitats de sensibilitzaci\u00f3 que ens recorden que la igualtat i el respecte s\u00f3n responsabilitat de tothom.<\/p>\n<p>La tecnologia, quan s\u2019utilitza com a eina d\u2019apoderament, pot convertir-se en aliada per a la llibertat i l\u2019autonomia personal. Per\u00f2 m\u00e9s enll\u00e0 de les pantalles, el que realment marca la difer\u00e8ncia s\u00f3n les connexions humanes, el suport mutu i el comprom\u00eds de cada persona a dir <strong>Prou<\/strong> a qualsevol forma de viol\u00e8ncia.<\/p>\n<p>Avui, com cada dia, ens unim per construir una societat m\u00e9s justa, inclusiva i lliure de viol\u00e8ncies. Perqu\u00e8 la lluita per la igualtat no t\u00e9 data al calendari: \u00e9s un comprom\u00eds que comen\u00e7a aqu\u00ed i ara.<\/p>\n<figure class=\"wp-block-image size-full\"><a href=\"https:\/\/bloc.xarxa-omnia.org\/lasalut\/files\/2025\/11\/25N_IGPost.png\"><img loading=\"lazy\" decoding=\"async\" width=\"1080\" height=\"1350\" src=\"https:\/\/bloc.xarxa-omnia.org\/lasalut\/files\/2025\/11\/25N_IGPost.png\" alt=\"\" class=\"wp-image-6298\" srcset=\"https:\/\/bloc.xarxa-omnia.org\/lasalut\/files\/2025\/11\/25N_IGPost.png 1080w, https:\/\/bloc.xarxa-omnia.org\/lasalut\/files\/2025\/11\/25N_IGPost-240x300.png 240w, https:\/\/bloc.xarxa-omnia.org\/lasalut\/files\/2025\/11\/25N_IGPost-768x960.png 768w\" sizes=\"auto, (max-width: 1080px) 100vw, 1080px\" \/><\/a><\/figure>\n<!-- AddThis Advanced Settings generic via filter on the_content --><!-- AddThis Share Buttons generic via filter on the_content -->","protected":false},"excerpt":{"rendered":"<p>El 25 de novembre \u00e9s molt m\u00e9s que una data al calendari. \u00c9s un recordatori de les hist\u00f2ries de moltes dones que han patit viol\u00e8ncia i un crit col\u00b7lectiu per construir un m\u00f3n on cap dona se senti insegura o invisible. \u00c9s un dia per reflexionar, denunciar i, sobretot, actuar. A la Xarxa \u00d2mnia, cada &#8230; <span class=\"more\"><a class=\"more-link\" href=\"https:\/\/bloc.xarxa-omnia.org\/lasalut\/?p=6297\">[Read more&#8230;]<\/a><\/span><!-- AddThis Advanced Settings generic via filter on get_the_excerpt --><!-- AddThis Share Buttons generic via filter on get_the_excerpt --><\/p>\n","protected":false},"author":135,"featured_media":0,"comment_status":"closed","ping_status":"closed","sticky":false,"template":"","format":"standard","meta":{"ngg_post_thumbnail":0,"footnotes":""},"categories":[41],"tags":[],"class_list":{"0":"entry","1":"post","2":"publish","3":"author-lasalut","4":"post-6297","6":"format-standard","7":"category-mnia"},"_links":{"self":[{"href":"https:\/\/bloc.xarxa-omnia.org\/lasalut\/index.php?rest_route=\/wp\/v2\/posts\/6297","targetHints":{"allow":["GET"]}}],"collection":[{"href":"https:\/\/bloc.xarxa-omnia.org\/lasalut\/index.php?rest_route=\/wp\/v2\/posts"}],"about":[{"href":"https:\/\/bloc.xarxa-omnia.org\/lasalut\/index.php?rest_route=\/wp\/v2\/types\/post"}],"author":[{"embeddable":true,"href":"https:\/\/bloc.xarxa-omnia.org\/lasalut\/index.php?rest_route=\/wp\/v2\/users\/135"}],"replies":[{"embeddable":true,"href":"https:\/\/bloc.xarxa-omnia.org\/lasalut\/index.php?rest_route=%2Fwp%2Fv2%2Fcomments&post=6297"}],"version-history":[{"count":1,"href":"https:\/\/bloc.xarxa-omnia.org\/lasalut\/index.php?rest_route=\/wp\/v2\/posts\/6297\/revisions"}],"predecessor-version":[{"id":6299,"href":"https:\/\/bloc.xarxa-omnia.org\/lasalut\/index.php?rest_route=\/wp\/v2\/posts\/6297\/revisions\/6299"}],"wp:attachment":[{"href":"https:\/\/bloc.xarxa-omnia.org\/lasalut\/index.php?rest_route=%2Fwp%2Fv2%2Fmedia&parent=6297"}],"wp:term":[{"taxonomy":"category","embeddable":true,"href":"https:\/\/bloc.xarxa-omnia.org\/lasalut\/index.php?rest_route=%2Fwp%2Fv2%2Fcategories&post=6297"},{"taxonomy":"post_tag","embeddable":true,"href":"https:\/\/bloc.xarxa-omnia.org\/lasalut\/index.php?rest_route=%2Fwp%2Fv2%2Ftags&post=6297"}],"curies":[{"name":"wp","href":"https:\/\/api.w.org\/{rel}","templated":true}]}}