{"id":6417,"date":"2026-04-28T13:23:55","date_gmt":"2026-04-28T11:23:55","guid":{"rendered":"https:\/\/bloc.xarxa-omnia.org\/lasalut\/?p=6417"},"modified":"2026-04-28T13:23:55","modified_gmt":"2026-04-28T11:23:55","slug":"passejada-entre-natura-historia-i-calma-al-parc-de-can-solei-i-ca-larnus","status":"publish","type":"post","link":"https:\/\/bloc.xarxa-omnia.org\/lasalut\/?p=6417","title":{"rendered":"Passejada entre natura, hist\u00f2ria i calma al Parc de Can Solei i Ca l\u2019Arn\u00fas"},"content":{"rendered":"<p>Avui hem fet una passejada pel Parc de Can Solei i Ca l\u2019Arn\u00fas, un dels espais verds m\u00e9s especials de Badalona, i la veritat \u00e9s que \u00e9s d\u2019aquells llocs que et fan baixar el ritme sense adonar-te\u2019n.<\/p>\n<p>Nom\u00e9s entrar-hi ja es nota el canvi d\u2019ambient: el soroll de la ciutat queda enrere i \u00e9s substitu\u00eft pel cant dels ocells, el moviment suau dels arbres i aquella sensaci\u00f3 de tranquil\u00b7litat que costa de trobar en el dia a dia. Els camins del parc conviden a caminar sense pressa, deixant-te portar i descobrint racons que potser en una visita r\u00e0pida passarien desapercebuts.<\/p>\n<p>Un dels aspectes que m\u00e9s ens ha agradat \u00e9s la combinaci\u00f3 entre natura i patrimoni. El parc no \u00e9s nom\u00e9s un espai verd, sin\u00f3 tamb\u00e9 un lloc amb hist\u00f2ria, amb jardins que conserven un encant cl\u00e0ssic i construccions que recorden el passat de les antigues finques de Can Solei i Ca l\u2019Arn\u00fas. Aquesta barreja li dona un car\u00e0cter molt especial, com si cada rac\u00f3 tingu\u00e9s alguna cosa per explicar.<\/p>\n<p>Durant el recorregut, hem trobat zones d\u2019ombra ideals per aturar-se una estona, bancs per descansar i espais oberts on simplement asseure\u2019s i observar. Tamb\u00e9 hi ha jardins molt cuidats, arbres de gran al\u00e7ada i petits detalls que fan que la passejada sigui molt m\u00e9s rica del que podria semblar a simple vista.<\/p>\n<p>El que m\u00e9s valorem d\u2019aquest tipus de llocs \u00e9s la sensaci\u00f3 de desconnexi\u00f3 que ofereixen sense necessitat de sortir de la ciutat. En pocs minuts pots passar del ritme accelerat del dia a dia a un ambient molt m\u00e9s pausat i natural. \u00c9s un espai perfecte tant per anar-hi sol i reflexionar com per passejar en companyia.<\/p>\n<p>El Parc de Can Solei i Ca l\u2019Arn\u00fas \u00e9s un d\u2019aquells indrets que sempre ve de gust repetir. Un petit refugi verd dins la ciutat que convida a tornar-hi una vegada i una altra, sobretot quan es necessita una mica de calma i aire fresc.<\/p>\n<figure class=\"wp-block-gallery has-nested-images columns-default is-cropped wp-block-gallery-1 is-layout-flex wp-block-gallery-is-layout-flex\">\n<figure class=\"wp-block-image size-large\"><a href=\"https:\/\/bloc.xarxa-omnia.org\/lasalut\/files\/2026\/04\/WhatsApp-Image-2026-04-28-at-13.17.39-1.jpeg\"><img loading=\"lazy\" decoding=\"async\" width=\"2048\" height=\"1536\" data-id=\"6421\" src=\"https:\/\/bloc.xarxa-omnia.org\/lasalut\/files\/2026\/04\/WhatsApp-Image-2026-04-28-at-13.17.39-1.jpeg\" alt=\"\" class=\"wp-image-6421\" srcset=\"https:\/\/bloc.xarxa-omnia.org\/lasalut\/files\/2026\/04\/WhatsApp-Image-2026-04-28-at-13.17.39-1.jpeg 2048w, https:\/\/bloc.xarxa-omnia.org\/lasalut\/files\/2026\/04\/WhatsApp-Image-2026-04-28-at-13.17.39-1-300x225.jpeg 300w, https:\/\/bloc.xarxa-omnia.org\/lasalut\/files\/2026\/04\/WhatsApp-Image-2026-04-28-at-13.17.39-1-768x576.jpeg 768w, https:\/\/bloc.xarxa-omnia.org\/lasalut\/files\/2026\/04\/WhatsApp-Image-2026-04-28-at-13.17.39-1-1536x1152.jpeg 1536w\" sizes=\"auto, (max-width: 2048px) 100vw, 2048px\" \/><\/a><\/figure>\n<figure class=\"wp-block-image size-large\"><a href=\"https:\/\/bloc.xarxa-omnia.org\/lasalut\/files\/2026\/04\/WhatsApp-Image-2026-04-28-at-13.17.401.jpeg\"><img loading=\"lazy\" decoding=\"async\" width=\"1536\" height=\"2048\" data-id=\"6419\" src=\"https:\/\/bloc.xarxa-omnia.org\/lasalut\/files\/2026\/04\/WhatsApp-Image-2026-04-28-at-13.17.401.jpeg\" alt=\"\" class=\"wp-image-6419\" srcset=\"https:\/\/bloc.xarxa-omnia.org\/lasalut\/files\/2026\/04\/WhatsApp-Image-2026-04-28-at-13.17.401.jpeg 1536w, https:\/\/bloc.xarxa-omnia.org\/lasalut\/files\/2026\/04\/WhatsApp-Image-2026-04-28-at-13.17.401-225x300.jpeg 225w, https:\/\/bloc.xarxa-omnia.org\/lasalut\/files\/2026\/04\/WhatsApp-Image-2026-04-28-at-13.17.401-768x1024.jpeg 768w, https:\/\/bloc.xarxa-omnia.org\/lasalut\/files\/2026\/04\/WhatsApp-Image-2026-04-28-at-13.17.401-1152x1536.jpeg 1152w\" sizes=\"auto, (max-width: 1536px) 100vw, 1536px\" \/><\/a><\/figure>\n<figure class=\"wp-block-image size-large\"><a href=\"https:\/\/bloc.xarxa-omnia.org\/lasalut\/files\/2026\/04\/WhatsApp-Image-2026-04-28-at-13.17.40.jpeg\"><img loading=\"lazy\" decoding=\"async\" width=\"1536\" height=\"2048\" data-id=\"6420\" src=\"https:\/\/bloc.xarxa-omnia.org\/lasalut\/files\/2026\/04\/WhatsApp-Image-2026-04-28-at-13.17.40.jpeg\" alt=\"\" class=\"wp-image-6420\" srcset=\"https:\/\/bloc.xarxa-omnia.org\/lasalut\/files\/2026\/04\/WhatsApp-Image-2026-04-28-at-13.17.40.jpeg 1536w, https:\/\/bloc.xarxa-omnia.org\/lasalut\/files\/2026\/04\/WhatsApp-Image-2026-04-28-at-13.17.40-225x300.jpeg 225w, https:\/\/bloc.xarxa-omnia.org\/lasalut\/files\/2026\/04\/WhatsApp-Image-2026-04-28-at-13.17.40-768x1024.jpeg 768w, https:\/\/bloc.xarxa-omnia.org\/lasalut\/files\/2026\/04\/WhatsApp-Image-2026-04-28-at-13.17.40-1152x1536.jpeg 1152w\" sizes=\"auto, (max-width: 1536px) 100vw, 1536px\" \/><\/a><\/figure>\n<\/figure>\n<!-- AddThis Advanced Settings generic via filter on the_content --><!-- AddThis Share Buttons generic via filter on the_content -->","protected":false},"excerpt":{"rendered":"<p>Avui hem fet una passejada pel Parc de Can Solei i Ca l\u2019Arn\u00fas, un dels espais verds m\u00e9s especials de Badalona, i la veritat \u00e9s que \u00e9s d\u2019aquells llocs que et fan baixar el ritme sense adonar-te\u2019n. Nom\u00e9s entrar-hi ja es nota el canvi d\u2019ambient: el soroll de la ciutat queda enrere i \u00e9s substitu\u00eft &#8230; <span class=\"more\"><a class=\"more-link\" href=\"https:\/\/bloc.xarxa-omnia.org\/lasalut\/?p=6417\">[Read more&#8230;]<\/a><\/span><!-- AddThis Advanced Settings generic via filter on get_the_excerpt --><!-- AddThis Share Buttons generic via filter on get_the_excerpt --><\/p>\n","protected":false},"author":135,"featured_media":0,"comment_status":"closed","ping_status":"closed","sticky":false,"template":"","format":"standard","meta":{"ngg_post_thumbnail":0,"footnotes":""},"categories":[41],"tags":[],"class_list":{"0":"entry","1":"post","2":"publish","3":"author-lasalut","4":"post-6417","6":"format-standard","7":"category-mnia"},"_links":{"self":[{"href":"https:\/\/bloc.xarxa-omnia.org\/lasalut\/index.php?rest_route=\/wp\/v2\/posts\/6417","targetHints":{"allow":["GET"]}}],"collection":[{"href":"https:\/\/bloc.xarxa-omnia.org\/lasalut\/index.php?rest_route=\/wp\/v2\/posts"}],"about":[{"href":"https:\/\/bloc.xarxa-omnia.org\/lasalut\/index.php?rest_route=\/wp\/v2\/types\/post"}],"author":[{"embeddable":true,"href":"https:\/\/bloc.xarxa-omnia.org\/lasalut\/index.php?rest_route=\/wp\/v2\/users\/135"}],"replies":[{"embeddable":true,"href":"https:\/\/bloc.xarxa-omnia.org\/lasalut\/index.php?rest_route=%2Fwp%2Fv2%2Fcomments&post=6417"}],"version-history":[{"count":1,"href":"https:\/\/bloc.xarxa-omnia.org\/lasalut\/index.php?rest_route=\/wp\/v2\/posts\/6417\/revisions"}],"predecessor-version":[{"id":6422,"href":"https:\/\/bloc.xarxa-omnia.org\/lasalut\/index.php?rest_route=\/wp\/v2\/posts\/6417\/revisions\/6422"}],"wp:attachment":[{"href":"https:\/\/bloc.xarxa-omnia.org\/lasalut\/index.php?rest_route=%2Fwp%2Fv2%2Fmedia&parent=6417"}],"wp:term":[{"taxonomy":"category","embeddable":true,"href":"https:\/\/bloc.xarxa-omnia.org\/lasalut\/index.php?rest_route=%2Fwp%2Fv2%2Fcategories&post=6417"},{"taxonomy":"post_tag","embeddable":true,"href":"https:\/\/bloc.xarxa-omnia.org\/lasalut\/index.php?rest_route=%2Fwp%2Fv2%2Ftags&post=6417"}],"curies":[{"name":"wp","href":"https:\/\/api.w.org\/{rel}","templated":true}]}}