{"id":1006,"date":"2013-03-19T12:24:30","date_gmt":"2013-03-19T11:24:30","guid":{"rendered":"http:\/\/blog.xarxa-omnia.org\/laseu\/?p=1006"},"modified":"2013-03-19T12:24:30","modified_gmt":"2013-03-19T11:24:30","slug":"tallers-de-primavera-2013","status":"publish","type":"post","link":"https:\/\/bloc.xarxa-omnia.org\/laseu\/2013\/03\/19\/tallers-de-primavera-2013\/","title":{"rendered":"Tallers de Primavera 2013"},"content":{"rendered":"<p>Arriba la primavera i amb ella la nova programaci\u00f3 al Punt \u00d2mnia de la Seu d&#8217;Urgell.<\/p>\n<p>Us interessa?<\/p>\n<p>Apa..aqui la teniu!!<\/p>\n<p>TALLERS PROGRAMATS<\/p>\n<p>    Iniciaci\u00f3 a la inform\u00e0tica a les TIC: dilluns, de 10 a 11.30 h (pensat per a persones amb nivell 0)<\/p>\n<p>    Navegaci\u00f3 segura-Internet: dimarts, de 16 a 17 h<\/p>\n<p>    Crea \u00e0lbums fotogr\u00e0fics \u2013Hofmann\u2013: dimecres, d\u201911 a 12 h<\/p>\n<p>    Retoca les teves imatges amb Gimp: dimecres, de 17 a 18 h<\/p>\n<p>    Xarxes socials i Skype: dijous, de 10 a 11 h<\/p>\n<p>    Correu electr\u00f2nic (outlook, gmail, yahoo&#8230;): dijous, de 16 a 17 h<\/p>\n<p>DATES D\u2019INSCRIPCI\u00d3 En l\u00ednia<\/p>\n<p>8 i 9 d\u2019abril de 2013 a partir de les 9 h<\/p>\n<p>Hi haur\u00e0 un punt de suport per formalitzar les inscripcions al mateix Punt \u00d2mnia.<\/p>\n<p>http:\/\/www.laseu.cat\/serveis\/oac<\/p>\n<p>DATES D\u2019INSCRIPCI\u00d3 Presencials<\/p>\n<p>11 i 12 d\u2019abril de 2013 a l\u2019OAC<\/p>\n<p>(Oficina d\u2019Atenci\u00f3 al Ciutad\u00e0 de l\u2019Ajuntament de la Seu d\u2019Urgell)<\/p>\n<p>Una inscripci\u00f3 per persona i curs.<\/p>\n<p>Tots els tallers comencen la setmana del 22 d\u2019abril de 2013.<br \/>\n<a href=\"http:\/\/xarxaomnia.gencat.cat\/blocs\/laseu\/files\/2013\/03\/Primavera-2013.jpg\"><img loading=\"lazy\" decoding=\"async\" src=\"http:\/\/xarxaomnia.gencat.cat\/blocs\/laseu\/files\/2013\/03\/Primavera-2013-150x150.jpg\" alt=\"\" title=\"Primavera 2013\" width=\"150\" height=\"150\" class=\"alignleft size-thumbnail wp-image-1007\" \/><\/a><\/p>\n","protected":false},"excerpt":{"rendered":"<p>Arriba la primavera i amb ella la nova programaci\u00f3 al Punt \u00d2mnia de la Seu d&#8217;Urgell. Us interessa? Apa..aqui la teniu!! TALLERS PROGRAMATS Iniciaci\u00f3 a la inform\u00e0tica a les TIC: dilluns, de 10 a 11.30 h (pensat per a persones amb nivell 0) Navegaci\u00f3 segura-Internet: dimarts, de 16 a 17 h Crea \u00e0lbums fotogr\u00e0fics \u2013Hofmann\u2013: [&hellip;]<\/p>\n","protected":false},"author":92,"featured_media":0,"comment_status":"open","ping_status":"open","sticky":false,"template":"","format":"standard","meta":{"ngg_post_thumbnail":0,"footnotes":""},"categories":[1],"tags":[],"class_list":["post-1006","post","type-post","status-publish","format-standard","hentry","category-general"],"_links":{"self":[{"href":"https:\/\/bloc.xarxa-omnia.org\/laseu\/wp-json\/wp\/v2\/posts\/1006","targetHints":{"allow":["GET"]}}],"collection":[{"href":"https:\/\/bloc.xarxa-omnia.org\/laseu\/wp-json\/wp\/v2\/posts"}],"about":[{"href":"https:\/\/bloc.xarxa-omnia.org\/laseu\/wp-json\/wp\/v2\/types\/post"}],"author":[{"embeddable":true,"href":"https:\/\/bloc.xarxa-omnia.org\/laseu\/wp-json\/wp\/v2\/users\/92"}],"replies":[{"embeddable":true,"href":"https:\/\/bloc.xarxa-omnia.org\/laseu\/wp-json\/wp\/v2\/comments?post=1006"}],"version-history":[{"count":1,"href":"https:\/\/bloc.xarxa-omnia.org\/laseu\/wp-json\/wp\/v2\/posts\/1006\/revisions"}],"predecessor-version":[{"id":1008,"href":"https:\/\/bloc.xarxa-omnia.org\/laseu\/wp-json\/wp\/v2\/posts\/1006\/revisions\/1008"}],"wp:attachment":[{"href":"https:\/\/bloc.xarxa-omnia.org\/laseu\/wp-json\/wp\/v2\/media?parent=1006"}],"wp:term":[{"taxonomy":"category","embeddable":true,"href":"https:\/\/bloc.xarxa-omnia.org\/laseu\/wp-json\/wp\/v2\/categories?post=1006"},{"taxonomy":"post_tag","embeddable":true,"href":"https:\/\/bloc.xarxa-omnia.org\/laseu\/wp-json\/wp\/v2\/tags?post=1006"}],"curies":[{"name":"wp","href":"https:\/\/api.w.org\/{rel}","templated":true}]}}