{"id":1011,"date":"2013-03-25T17:01:56","date_gmt":"2013-03-25T16:01:56","guid":{"rendered":"http:\/\/blog.xarxa-omnia.org\/laseu\/?p=1011"},"modified":"2013-03-25T17:19:09","modified_gmt":"2013-03-25T16:19:09","slug":"museus-de-lalt-urgell","status":"publish","type":"post","link":"https:\/\/bloc.xarxa-omnia.org\/laseu\/2013\/03\/25\/museus-de-lalt-urgell\/","title":{"rendered":"Museus de l&#8217;Alt Urgell"},"content":{"rendered":"<p>Aquest recull \u00e9s un treball fet per l&#8217;Almudena, el Fernando, la M\u00aa Carmen, l&#8217;Aurora  i la Ver\u00f2nica, tots ells  participants del Taller Claror.<br \/>\nAmb aquest petit llibre, hem volgut donar a con\u00e8ixer els museus que tenim a la comarca de l&#8217;Alt Urgell i tamb\u00e9 els museus de la nostra ciutat. L&#8217;objectiu era fer un recopilatori per a que tothom pugui con\u00e8ixer les possibles sortides culturals que tenim aqu\u00ed mateix.<br \/>\nHa estat un treball setmanal amb const\u00e0ncia, esfor\u00e7 i molta voluntat per arribar a superar-se i poder acabar la feina.<br \/>\nEsperem que us agradi i que pugui ser \u00fatil!<br \/>\nGr\u00e0cies a tot\/es !!<\/p>\n<div data-configid=\"4185092\/1863183\" style=\"width: 525px; height: 371px;\" class=\"issuuembed\"><\/div>\n<p><script type=\"text\/javascript\" src=\"\/\/e.issuu.com\/embed.js\" async=\"true\"><\/script><\/p>\n<p><a href=\"http:\/\/issuu.com\/laseu\/docs\/museus?mode=window\">http:\/\/issuu.com\/laseu\/docs\/museus?mode=window<\/a><\/p>\n","protected":false},"excerpt":{"rendered":"<p>Aquest recull \u00e9s un treball fet per l&#8217;Almudena, el Fernando, la M\u00aa Carmen, l&#8217;Aurora i la Ver\u00f2nica, tots ells participants del Taller Claror. Amb aquest petit llibre, hem volgut donar a con\u00e8ixer els museus que tenim a la comarca de l&#8217;Alt Urgell i tamb\u00e9 els museus de la nostra ciutat. L&#8217;objectiu era fer un recopilatori [&hellip;]<\/p>\n","protected":false},"author":92,"featured_media":0,"comment_status":"open","ping_status":"open","sticky":false,"template":"","format":"standard","meta":{"ngg_post_thumbnail":0,"footnotes":""},"categories":[1033],"tags":[],"class_list":["post-1011","post","type-post","status-publish","format-standard","hentry","category-prova-pilot-daccessibilitat"],"_links":{"self":[{"href":"https:\/\/bloc.xarxa-omnia.org\/laseu\/wp-json\/wp\/v2\/posts\/1011","targetHints":{"allow":["GET"]}}],"collection":[{"href":"https:\/\/bloc.xarxa-omnia.org\/laseu\/wp-json\/wp\/v2\/posts"}],"about":[{"href":"https:\/\/bloc.xarxa-omnia.org\/laseu\/wp-json\/wp\/v2\/types\/post"}],"author":[{"embeddable":true,"href":"https:\/\/bloc.xarxa-omnia.org\/laseu\/wp-json\/wp\/v2\/users\/92"}],"replies":[{"embeddable":true,"href":"https:\/\/bloc.xarxa-omnia.org\/laseu\/wp-json\/wp\/v2\/comments?post=1011"}],"version-history":[{"count":10,"href":"https:\/\/bloc.xarxa-omnia.org\/laseu\/wp-json\/wp\/v2\/posts\/1011\/revisions"}],"predecessor-version":[{"id":1022,"href":"https:\/\/bloc.xarxa-omnia.org\/laseu\/wp-json\/wp\/v2\/posts\/1011\/revisions\/1022"}],"wp:attachment":[{"href":"https:\/\/bloc.xarxa-omnia.org\/laseu\/wp-json\/wp\/v2\/media?parent=1011"}],"wp:term":[{"taxonomy":"category","embeddable":true,"href":"https:\/\/bloc.xarxa-omnia.org\/laseu\/wp-json\/wp\/v2\/categories?post=1011"},{"taxonomy":"post_tag","embeddable":true,"href":"https:\/\/bloc.xarxa-omnia.org\/laseu\/wp-json\/wp\/v2\/tags?post=1011"}],"curies":[{"name":"wp","href":"https:\/\/api.w.org\/{rel}","templated":true}]}}