{"id":1057,"date":"2013-05-10T12:14:22","date_gmt":"2013-05-10T11:14:22","guid":{"rendered":"http:\/\/blog.xarxa-omnia.org\/laseu\/?p=1057"},"modified":"2013-05-10T12:14:22","modified_gmt":"2013-05-10T11:14:22","slug":"el-director-general-daccio-civica-i-comunitaria-visita-la-seu-i-el-punt-omnia","status":"publish","type":"post","link":"https:\/\/bloc.xarxa-omnia.org\/laseu\/2013\/05\/10\/el-director-general-daccio-civica-i-comunitaria-visita-la-seu-i-el-punt-omnia\/","title":{"rendered":"El director general d&#8217;Acci\u00f3 C\u00edvica i Comunit\u00e0ria visita la Seu i el Punt \u00d2mnia"},"content":{"rendered":"<p>Ramon Terrassa ha estat acompanyat de la tinent d&#8217;alcalde d&#8217;Atenci\u00f3 a les Persones de l&#8217;Ajuntament urgellenc, Anna Vives<\/p>\n<p>El representant de la Generalitat ha volgut con\u00e8ixer l&#8217;Oficina de Benestar Social i Fam\u00edlia i el Punt \u00d2mnia<br \/>\nEl director general d&#8217;Acci\u00f3 C\u00edvica i Comunit\u00e0ria de la Generalitat de Catalunya, Ramon Terrassa, acompanyat de la tinent d&#8217;alcalde d&#8217;Atenci\u00f3 a les Persones de l&#8217;Ajuntament urgellenc, Anna Vives, ha visitat aquest dijous la Seu d&#8217;Urgell amb l&#8217;objectiu de con\u00e8ixer de primera m\u00e0 els diversos serveis i recursos a la ciutat i comarca en el seu \u00e0mbit competencial.<\/p>\n<p>La visita s&#8217;ha iniciat a l&#8217;Oficina de Benestar Social i Fam\u00edlia que t\u00e9 la Generalitat a la Seu d&#8217;Urgell. Seguidament, Terrassa i Vives s&#8217;han despla\u00e7at a les instal\u00b7lacions del Punt \u00d2mnia. Terrassa ha mantingut un canvi d&#8217;impressions amb les t\u00e8cniques d&#8217;ambd\u00f3s serveis.<\/p>\n<p>La tinent d&#8217;alcalde de l&#8217;Ajuntament, Anna Vives, valora positivament la visita del director general \u201cpel fet que les realitats s&#8217;han de con\u00e8ixer in situ; cal palpar-les per valorar-les per un mateix&#8221;.<\/p>\n<p>Not\u00edcia extreta de radioseu.cat<br \/>\n<a href=\"http:\/\/xarxaomnia.gencat.cat\/blocs\/laseu\/files\/2013\/05\/1368118622.jpg\"><img loading=\"lazy\" decoding=\"async\" src=\"http:\/\/xarxaomnia.gencat.cat\/blocs\/laseu\/files\/2013\/05\/1368118622-150x150.jpg\" alt=\"\" title=\"1368118622\" width=\"150\" height=\"150\" class=\"alignleft size-thumbnail wp-image-1058\" \/><\/a><\/p>\n","protected":false},"excerpt":{"rendered":"<p>Ramon Terrassa ha estat acompanyat de la tinent d&#8217;alcalde d&#8217;Atenci\u00f3 a les Persones de l&#8217;Ajuntament urgellenc, Anna Vives El representant de la Generalitat ha volgut con\u00e8ixer l&#8217;Oficina de Benestar Social i Fam\u00edlia i el Punt \u00d2mnia El director general d&#8217;Acci\u00f3 C\u00edvica i Comunit\u00e0ria de la Generalitat de Catalunya, Ramon Terrassa, acompanyat de la tinent d&#8217;alcalde [&hellip;]<\/p>\n","protected":false},"author":92,"featured_media":0,"comment_status":"open","ping_status":"open","sticky":false,"template":"","format":"standard","meta":{"ngg_post_thumbnail":0,"footnotes":""},"categories":[1],"tags":[],"class_list":["post-1057","post","type-post","status-publish","format-standard","hentry","category-general"],"_links":{"self":[{"href":"https:\/\/bloc.xarxa-omnia.org\/laseu\/wp-json\/wp\/v2\/posts\/1057","targetHints":{"allow":["GET"]}}],"collection":[{"href":"https:\/\/bloc.xarxa-omnia.org\/laseu\/wp-json\/wp\/v2\/posts"}],"about":[{"href":"https:\/\/bloc.xarxa-omnia.org\/laseu\/wp-json\/wp\/v2\/types\/post"}],"author":[{"embeddable":true,"href":"https:\/\/bloc.xarxa-omnia.org\/laseu\/wp-json\/wp\/v2\/users\/92"}],"replies":[{"embeddable":true,"href":"https:\/\/bloc.xarxa-omnia.org\/laseu\/wp-json\/wp\/v2\/comments?post=1057"}],"version-history":[{"count":1,"href":"https:\/\/bloc.xarxa-omnia.org\/laseu\/wp-json\/wp\/v2\/posts\/1057\/revisions"}],"predecessor-version":[{"id":1059,"href":"https:\/\/bloc.xarxa-omnia.org\/laseu\/wp-json\/wp\/v2\/posts\/1057\/revisions\/1059"}],"wp:attachment":[{"href":"https:\/\/bloc.xarxa-omnia.org\/laseu\/wp-json\/wp\/v2\/media?parent=1057"}],"wp:term":[{"taxonomy":"category","embeddable":true,"href":"https:\/\/bloc.xarxa-omnia.org\/laseu\/wp-json\/wp\/v2\/categories?post=1057"},{"taxonomy":"post_tag","embeddable":true,"href":"https:\/\/bloc.xarxa-omnia.org\/laseu\/wp-json\/wp\/v2\/tags?post=1057"}],"curies":[{"name":"wp","href":"https:\/\/api.w.org\/{rel}","templated":true}]}}