{"id":1128,"date":"2013-09-12T11:39:04","date_gmt":"2013-09-12T10:39:04","guid":{"rendered":"http:\/\/blog.xarxa-omnia.org\/laseu\/?p=1128"},"modified":"2013-09-12T11:41:03","modified_gmt":"2013-09-12T10:41:03","slug":"inscripcions-presencials","status":"publish","type":"post","link":"https:\/\/bloc.xarxa-omnia.org\/laseu\/2013\/09\/12\/inscripcions-presencials\/","title":{"rendered":"Inscripcions Tardor 2013 &#8211;  Presencials"},"content":{"rendered":"<p>Les inscripcions telem\u00e0tiques van acabar el dimarts 10 i amb molt d&#8217;\u00e9xit!!<br \/>\nRecordeu que dilluns 16 de setembre es far\u00e0n les inscripcions presencials a l&#8217;OAC (Oficina d&#8217;Atenci\u00f3 al Ciutad\u00e0)<br \/>\n<span style=\"color: #ff0000;\"><strong>En cas d&#8217;haver-hi gent esperant, s&#8217;obrir\u00e0 a les 8.30 h per donar tanda, per\u00f2 no ser\u00e0 fins a les 9 h que s&#8217;iniciar\u00e0 el registre de les inscripcions segons l&#8217;ordre de tanda donat <\/strong><\/span><\/p>\n<p><strong>Tallers<\/strong><br \/>\n<span style=\"color: #ff0000;\">PRIMERS PASSOS<\/span><br \/>\nIniciaci\u00f3 a la inform\u00e0tica els dilluns, de 16 a 17.30 h.<br \/>\n(adre\u00e7at a persones amb nivell 0, de 18 a 60 anys)<br \/>\n<span style=\"color: #ff0000;\">I TU, COM NAVEGUES?<\/span> &#8211; Navegar per Internet els dimecres, d\u201911 a 12 h.<br \/>\n<span style=\"color: #ff0000;\">ECONOMIA CASOLANA<\/span> &#8211; Fulls de c\u00e0lcul els dimecres, de 16 a 17 h.<br \/>\n<span style=\"color: #ff0000;\">\u00c0LBUM DE FAMILIA<\/span> \u2013 Llibres creats amb Hofmann els dimecres, de 17 a 18 h.<br \/>\n<span style=\"color: #ff0000;\">CORRESPOND\u00c8NCIA DIGITAL<\/span> &#8211; Correu electr\u00f2nic els dijous, de 10 a 11 h.<br \/>\n<span style=\"color: #ff0000;\">MOMENTS<\/span> &#8211; Creaci\u00f3 de pel\u00b7l\u00edcules amb Movie Maker els dijous, de 16  a 17 h.<br \/>\n<span style=\"color: #ff0000;\">FES XARXA!<\/span> &#8211; Xarxes Socials i Skipe els divendres, d\u201911 a 12 h.<\/p>\n<p><a href=\"http:\/\/xarxaomnia.gencat.cat\/blocs\/laseu\/files\/2013\/09\/Setembre-2013.jpg\"><img loading=\"lazy\" decoding=\"async\" class=\"alignleft size-thumbnail wp-image-1129\" title=\"Setembre 2013\" src=\"http:\/\/xarxaomnia.gencat.cat\/blocs\/laseu\/files\/2013\/09\/Setembre-2013-150x150.jpg\" alt=\"\" width=\"150\" height=\"150\" \/><\/a><\/p>\n","protected":false},"excerpt":{"rendered":"<p>Les inscripcions telem\u00e0tiques van acabar el dimarts 10 i amb molt d&#8217;\u00e9xit!! Recordeu que dilluns 16 de setembre es far\u00e0n les inscripcions presencials a l&#8217;OAC (Oficina d&#8217;Atenci\u00f3 al Ciutad\u00e0) En cas d&#8217;haver-hi gent esperant, s&#8217;obrir\u00e0 a les 8.30 h per donar tanda, per\u00f2 no ser\u00e0 fins a les 9 h que s&#8217;iniciar\u00e0 el registre de [&hellip;]<\/p>\n","protected":false},"author":92,"featured_media":0,"comment_status":"open","ping_status":"open","sticky":false,"template":"","format":"standard","meta":{"ngg_post_thumbnail":0,"footnotes":""},"categories":[1],"tags":[],"class_list":["post-1128","post","type-post","status-publish","format-standard","hentry","category-general"],"_links":{"self":[{"href":"https:\/\/bloc.xarxa-omnia.org\/laseu\/wp-json\/wp\/v2\/posts\/1128","targetHints":{"allow":["GET"]}}],"collection":[{"href":"https:\/\/bloc.xarxa-omnia.org\/laseu\/wp-json\/wp\/v2\/posts"}],"about":[{"href":"https:\/\/bloc.xarxa-omnia.org\/laseu\/wp-json\/wp\/v2\/types\/post"}],"author":[{"embeddable":true,"href":"https:\/\/bloc.xarxa-omnia.org\/laseu\/wp-json\/wp\/v2\/users\/92"}],"replies":[{"embeddable":true,"href":"https:\/\/bloc.xarxa-omnia.org\/laseu\/wp-json\/wp\/v2\/comments?post=1128"}],"version-history":[{"count":4,"href":"https:\/\/bloc.xarxa-omnia.org\/laseu\/wp-json\/wp\/v2\/posts\/1128\/revisions"}],"predecessor-version":[{"id":1133,"href":"https:\/\/bloc.xarxa-omnia.org\/laseu\/wp-json\/wp\/v2\/posts\/1128\/revisions\/1133"}],"wp:attachment":[{"href":"https:\/\/bloc.xarxa-omnia.org\/laseu\/wp-json\/wp\/v2\/media?parent=1128"}],"wp:term":[{"taxonomy":"category","embeddable":true,"href":"https:\/\/bloc.xarxa-omnia.org\/laseu\/wp-json\/wp\/v2\/categories?post=1128"},{"taxonomy":"post_tag","embeddable":true,"href":"https:\/\/bloc.xarxa-omnia.org\/laseu\/wp-json\/wp\/v2\/tags?post=1128"}],"curies":[{"name":"wp","href":"https:\/\/api.w.org\/{rel}","templated":true}]}}