{"id":1142,"date":"2013-09-24T10:37:32","date_gmt":"2013-09-24T09:37:32","guid":{"rendered":"http:\/\/blog.xarxa-omnia.org\/laseu\/?p=1142"},"modified":"2013-09-24T10:40:33","modified_gmt":"2013-09-24T09:40:33","slug":"estas-als-nuvols","status":"publish","type":"post","link":"https:\/\/bloc.xarxa-omnia.org\/laseu\/2013\/09\/24\/estas-als-nuvols\/","title":{"rendered":"Est\u00e0s als n\u00favols?"},"content":{"rendered":"<p>Aquest trimestre hem programat amb conjunt amb el Pla Educatiu d&#8217;Entorn (Regidoria d&#8217;Educaci\u00f3 de l&#8217;Ajuntament de la Seu d&#8217;Urgell), el taller <strong><span style=\"color: #ff0000;\">&#8220;En un n\u00favol&#8221;!.<\/span><\/strong><br \/>\nEl que volem amb aquest taller,  \u00e9s donar a con\u00e8ixer aquesta aplicaci\u00f3 que molts\/es encara desconeixen.<br \/>\nLes inscripcions seran a partir de dilluns dia 30 de setembre fins al divendres 4 d&#8217;octubre a l&#8217;Oac (Oficina d&#8217;Atenci\u00f3 al Ciutad\u00e0) de l&#8217;Ajuntament de La Seu d&#8217;Urgell. M\u00e0xim 8 places i el taller \u00e9s gratu\u00eft.<br \/>\nAl taller tenen prioritat els pares i mares dels infants i joves escolaritzats a la Seu.<br \/>\nEl taller ser\u00e0 tots els dimarts de 15 a 16 h i comen\u00e7a el dimarts 15 d&#8217;octubre i s\u00f3n unes 7 sessions.<br \/>\n<a href=\"http:\/\/xarxaomnia.gencat.cat\/blocs\/laseu\/files\/2013\/09\/Curs-setembre.jpg\"><img loading=\"lazy\" decoding=\"async\" class=\"alignleft size-thumbnail wp-image-1143\" title=\"Curs setembre\" src=\"http:\/\/xarxaomnia.gencat.cat\/blocs\/laseu\/files\/2013\/09\/Curs-setembre-150x150.jpg\" alt=\"\" width=\"150\" height=\"150\" \/><\/a><\/p>\n","protected":false},"excerpt":{"rendered":"<p>Aquest trimestre hem programat amb conjunt amb el Pla Educatiu d&#8217;Entorn (Regidoria d&#8217;Educaci\u00f3 de l&#8217;Ajuntament de la Seu d&#8217;Urgell), el taller &#8220;En un n\u00favol&#8221;!. El que volem amb aquest taller, \u00e9s donar a con\u00e8ixer aquesta aplicaci\u00f3 que molts\/es encara desconeixen. Les inscripcions seran a partir de dilluns dia 30 de setembre fins al divendres 4 [&hellip;]<\/p>\n","protected":false},"author":92,"featured_media":0,"comment_status":"open","ping_status":"open","sticky":false,"template":"","format":"standard","meta":{"ngg_post_thumbnail":0,"footnotes":""},"categories":[1],"tags":[],"class_list":["post-1142","post","type-post","status-publish","format-standard","hentry","category-general"],"_links":{"self":[{"href":"https:\/\/bloc.xarxa-omnia.org\/laseu\/wp-json\/wp\/v2\/posts\/1142","targetHints":{"allow":["GET"]}}],"collection":[{"href":"https:\/\/bloc.xarxa-omnia.org\/laseu\/wp-json\/wp\/v2\/posts"}],"about":[{"href":"https:\/\/bloc.xarxa-omnia.org\/laseu\/wp-json\/wp\/v2\/types\/post"}],"author":[{"embeddable":true,"href":"https:\/\/bloc.xarxa-omnia.org\/laseu\/wp-json\/wp\/v2\/users\/92"}],"replies":[{"embeddable":true,"href":"https:\/\/bloc.xarxa-omnia.org\/laseu\/wp-json\/wp\/v2\/comments?post=1142"}],"version-history":[{"count":3,"href":"https:\/\/bloc.xarxa-omnia.org\/laseu\/wp-json\/wp\/v2\/posts\/1142\/revisions"}],"predecessor-version":[{"id":1146,"href":"https:\/\/bloc.xarxa-omnia.org\/laseu\/wp-json\/wp\/v2\/posts\/1142\/revisions\/1146"}],"wp:attachment":[{"href":"https:\/\/bloc.xarxa-omnia.org\/laseu\/wp-json\/wp\/v2\/media?parent=1142"}],"wp:term":[{"taxonomy":"category","embeddable":true,"href":"https:\/\/bloc.xarxa-omnia.org\/laseu\/wp-json\/wp\/v2\/categories?post=1142"},{"taxonomy":"post_tag","embeddable":true,"href":"https:\/\/bloc.xarxa-omnia.org\/laseu\/wp-json\/wp\/v2\/tags?post=1142"}],"curies":[{"name":"wp","href":"https:\/\/api.w.org\/{rel}","templated":true}]}}