{"id":1172,"date":"2013-11-20T09:25:58","date_gmt":"2013-11-20T08:25:58","guid":{"rendered":"http:\/\/blog.xarxa-omnia.org\/laseu\/?p=1172"},"modified":"2013-11-22T08:40:20","modified_gmt":"2013-11-22T07:40:20","slug":"prou-a-la-violencia-de-genere","status":"publish","type":"post","link":"https:\/\/bloc.xarxa-omnia.org\/laseu\/2013\/11\/20\/prou-a-la-violencia-de-genere\/","title":{"rendered":"PROU! A LA VIOL\u00c8NCIA DE G\u00c8NERE"},"content":{"rendered":"<p>Dilluns 25 de novembre, \u00e9s el Dia Internacional Contra la Viol\u00e8ncia Masclista.<br \/>\nDurant aquest 2013 a \u00d2mnia hem fet el taller creatiu Diafragma, un taller pensat conjuntament amb el SIE (Servei d&#8217;Intervenci\u00f3 Especialitzada) per a dones que han patit o pateixen viol\u00e8ncia de g\u00e8nere.<br \/>\nAmb la creaci\u00f3 d\u2019aquest espai de trobada es pretenia oferir un espai de respir, un espai d\u2019aturar-se i relacionar-se amb l\u2019entorn, amb persones (participants del grup), amb l\u2019espai f\u00edsic (el municipi que s&#8217;havia de  fotografiar ) i amb un recurs del territori (que forma part de la comunitat i del qual se\u2019n pot fer \u00fas: El Punt \u00d2mnia.<br \/>\nHa estat un treballl fotogr\u00e0fic on les imatges han estat realitzades per elles amb la finalitat d\u2019expressar el que senten i com \u00e9s la seva realitat.<\/p>\n<p>La valoraci\u00f3 en tots i cada un dels aspectes ha estat molt positiva, tant a nivell professional, individual com grupal.<\/p>\n<p>Ha estat una activitat amb cost 0, activitat senzilla de realitzar, despla\u00e7ament  a peu des del propi domicili&#8230;un divendres al mati fa pensar que la nostra hip\u00f2tesis sobre que el temps de lleure per les dones participants \u00e9s inexistent i que no se\u2019n fa \u00fas, es confirma.<br \/>\nPositivitzar l\u2019entorn que ens envolta era un dels objectius a treballar i valorem que tamb\u00e9 s\u2019ha aconseguit doncs els racons, els espais de La Seu i les reflexions que han donat lloc plasmar les imatges fa que vegin la ciutat com un lloc d\u2019oportunitats pel seu temps de lleure.<br \/>\nDilluns 25 de novembre, es projectar\u00e0 a diferents espais p\u00fablics de la Seu i comarca el curtmetratje Diafragma.<\/p>\n<p><strong><span style=\"color: #ff0000;\">En  definitiva, DIAFRAGMA \u00e9s el resultat d\u2019un treball realitzat per a dones  interessades en trobar un espai on mirar, parlar i ser escoltades.<\/span><\/strong><br \/>\nGr\u00e0cies a totes les dones que ho han fet possible, ha estat una experi\u00e8ncia \u00fanica!<br \/>\n<a href=\"http:\/\/xarxaomnia.gencat.cat\/blocs\/laseu\/files\/2013\/11\/dibuix1.jpg\"><img loading=\"lazy\" decoding=\"async\" src=\"http:\/\/xarxaomnia.gencat.cat\/blocs\/laseu\/files\/2013\/11\/dibuix1-150x150.jpg\" alt=\"\" title=\"dibuix\" width=\"150\" height=\"150\" class=\"alignleft size-thumbnail wp-image-1182\" \/><\/a><\/p>\n<p><a href='http:\/\/www.youtube.com\/watch?v=VLlfFb15v4U&#038;feature=youtu.be' >Diafragma- 25 novembre- Contra la viol\u00e8ncia masclista<\/a><\/p>\n","protected":false},"excerpt":{"rendered":"<p>Dilluns 25 de novembre, \u00e9s el Dia Internacional Contra la Viol\u00e8ncia Masclista. Durant aquest 2013 a \u00d2mnia hem fet el taller creatiu Diafragma, un taller pensat conjuntament amb el SIE (Servei d&#8217;Intervenci\u00f3 Especialitzada) per a dones que han patit o pateixen viol\u00e8ncia de g\u00e8nere. Amb la creaci\u00f3 d\u2019aquest espai de trobada es pretenia oferir un [&hellip;]<\/p>\n","protected":false},"author":92,"featured_media":0,"comment_status":"open","ping_status":"open","sticky":false,"template":"","format":"standard","meta":{"ngg_post_thumbnail":0,"footnotes":""},"categories":[1],"tags":[],"class_list":["post-1172","post","type-post","status-publish","format-standard","hentry","category-general"],"_links":{"self":[{"href":"https:\/\/bloc.xarxa-omnia.org\/laseu\/wp-json\/wp\/v2\/posts\/1172","targetHints":{"allow":["GET"]}}],"collection":[{"href":"https:\/\/bloc.xarxa-omnia.org\/laseu\/wp-json\/wp\/v2\/posts"}],"about":[{"href":"https:\/\/bloc.xarxa-omnia.org\/laseu\/wp-json\/wp\/v2\/types\/post"}],"author":[{"embeddable":true,"href":"https:\/\/bloc.xarxa-omnia.org\/laseu\/wp-json\/wp\/v2\/users\/92"}],"replies":[{"embeddable":true,"href":"https:\/\/bloc.xarxa-omnia.org\/laseu\/wp-json\/wp\/v2\/comments?post=1172"}],"version-history":[{"count":10,"href":"https:\/\/bloc.xarxa-omnia.org\/laseu\/wp-json\/wp\/v2\/posts\/1172\/revisions"}],"predecessor-version":[{"id":1185,"href":"https:\/\/bloc.xarxa-omnia.org\/laseu\/wp-json\/wp\/v2\/posts\/1172\/revisions\/1185"}],"wp:attachment":[{"href":"https:\/\/bloc.xarxa-omnia.org\/laseu\/wp-json\/wp\/v2\/media?parent=1172"}],"wp:term":[{"taxonomy":"category","embeddable":true,"href":"https:\/\/bloc.xarxa-omnia.org\/laseu\/wp-json\/wp\/v2\/categories?post=1172"},{"taxonomy":"post_tag","embeddable":true,"href":"https:\/\/bloc.xarxa-omnia.org\/laseu\/wp-json\/wp\/v2\/tags?post=1172"}],"curies":[{"name":"wp","href":"https:\/\/api.w.org\/{rel}","templated":true}]}}