{"id":1186,"date":"2013-12-03T09:31:53","date_gmt":"2013-12-03T08:31:53","guid":{"rendered":"http:\/\/blog.xarxa-omnia.org\/laseu\/?p=1186"},"modified":"2013-12-03T09:31:53","modified_gmt":"2013-12-03T08:31:53","slug":"avui-fa-10-anys","status":"publish","type":"post","link":"https:\/\/bloc.xarxa-omnia.org\/laseu\/2013\/12\/03\/avui-fa-10-anys\/","title":{"rendered":"Avui fa 10 anys!!"},"content":{"rendered":"<p>Avui 3 de desembre fa 10 anys que vaig comen\u00e7ar l&#8217;aventura de treballar amb un projecte, el projecte \u00d2mnia.<\/p>\n<p>Un projecte en el qual he apr\u00e8s i aprenc cada dia, un projecte en el qual la part m\u00e9s important s\u00f3n les persones, i s\u00ed, en plena \u00e8poca de retallades, crisis i temps dif\u00edcils, l&#8217;\u00d2mnia continua vetllant per les persones i l&#8217;exclusi\u00f3 social.<\/p>\n<p>Recordo que vaig comen\u00e7ar amb un taller de gent gran i que grans, no ho dic precisament per la seva edat. Amb ells\/es vaig emprendre l&#8217;aventura tecnol\u00f2gica, aprendre a estar al dia, aprendre a fer anar m\u00e9s eines i recursos Tic, formacions, reciclatge, viatges a Barcelona &#8230;un non stop per poder donar tallers amb la m\u00e0xima qualitat possible.<\/p>\n<p>Per aqu\u00ed han passat moltes persones de tota mena, edat, sexe, religi\u00f3 o ra\u00e7a, i creieu-me que m&#8217;han recordo de totes, de les que hi s\u00f3n i de les que no, relacions afectives que \u00e9s impossible no tenir perqu\u00e8 \u00d2mnia \u00e9s una gran fam\u00edlia, moments de r\u00e0bia per la incapacitat de no poder estar\/ajudar, moments plens, per saber bones not\u00edcies, persones que lluiten i tiren endavant.<\/p>\n<p>Avui per mi un dia especial i us vull donar les gr\u00e0cies per confiar amb mi, per participar, per voler aprendre, per fer que l&#8217;espai \u00d2mnia de la Seu sigui un espai viu.<\/p>\n<p>En aquest petit escrit vull recordar a tots\/es els dinamitzadors de tots els \u00d2mnia de Catalunya, gent valenta que lluita pels drets dels seus, gent que sap compartir i t&#8217;acull.<\/p>\n<p>Sempre faig anar una frase que m&#8217;encanta i va perfecta per definir una mica com s\u00f3c,<br \/>\n\u201cTodo lo que no se da&#8230;, se pierde\u201d una frase tamb\u00e9 perfecta per definir el que fem i com treballem als \u00d2mnia.<\/p>\n<p>Gr\u00e0cies a t@ts. <a href=\"http:\/\/xarxaomnia.gencat.cat\/blocs\/laseu\/files\/2013\/12\/tartas-cumpleanos-celebraciones-aniversarios-v-668x400x80xX.jpg\"><img loading=\"lazy\" decoding=\"async\" src=\"http:\/\/xarxaomnia.gencat.cat\/blocs\/laseu\/files\/2013\/12\/tartas-cumpleanos-celebraciones-aniversarios-v-668x400x80xX-150x150.jpg\" alt=\"\" title=\"tartas-cumpleanos-celebraciones-aniversarios-v-668x400x80xX\" width=\"150\" height=\"150\" class=\"alignleft size-thumbnail wp-image-1187\" \/><\/a><\/p>\n","protected":false},"excerpt":{"rendered":"<p>Avui 3 de desembre fa 10 anys que vaig comen\u00e7ar l&#8217;aventura de treballar amb un projecte, el projecte \u00d2mnia. Un projecte en el qual he apr\u00e8s i aprenc cada dia, un projecte en el qual la part m\u00e9s important s\u00f3n les persones, i s\u00ed, en plena \u00e8poca de retallades, crisis i temps dif\u00edcils, l&#8217;\u00d2mnia continua [&hellip;]<\/p>\n","protected":false},"author":92,"featured_media":0,"comment_status":"open","ping_status":"open","sticky":false,"template":"","format":"standard","meta":{"ngg_post_thumbnail":0,"footnotes":""},"categories":[1],"tags":[],"class_list":["post-1186","post","type-post","status-publish","format-standard","hentry","category-general"],"_links":{"self":[{"href":"https:\/\/bloc.xarxa-omnia.org\/laseu\/wp-json\/wp\/v2\/posts\/1186","targetHints":{"allow":["GET"]}}],"collection":[{"href":"https:\/\/bloc.xarxa-omnia.org\/laseu\/wp-json\/wp\/v2\/posts"}],"about":[{"href":"https:\/\/bloc.xarxa-omnia.org\/laseu\/wp-json\/wp\/v2\/types\/post"}],"author":[{"embeddable":true,"href":"https:\/\/bloc.xarxa-omnia.org\/laseu\/wp-json\/wp\/v2\/users\/92"}],"replies":[{"embeddable":true,"href":"https:\/\/bloc.xarxa-omnia.org\/laseu\/wp-json\/wp\/v2\/comments?post=1186"}],"version-history":[{"count":1,"href":"https:\/\/bloc.xarxa-omnia.org\/laseu\/wp-json\/wp\/v2\/posts\/1186\/revisions"}],"predecessor-version":[{"id":1188,"href":"https:\/\/bloc.xarxa-omnia.org\/laseu\/wp-json\/wp\/v2\/posts\/1186\/revisions\/1188"}],"wp:attachment":[{"href":"https:\/\/bloc.xarxa-omnia.org\/laseu\/wp-json\/wp\/v2\/media?parent=1186"}],"wp:term":[{"taxonomy":"category","embeddable":true,"href":"https:\/\/bloc.xarxa-omnia.org\/laseu\/wp-json\/wp\/v2\/categories?post=1186"},{"taxonomy":"post_tag","embeddable":true,"href":"https:\/\/bloc.xarxa-omnia.org\/laseu\/wp-json\/wp\/v2\/tags?post=1186"}],"curies":[{"name":"wp","href":"https:\/\/api.w.org\/{rel}","templated":true}]}}