{"id":1346,"date":"2014-09-18T08:22:25","date_gmt":"2014-09-18T07:22:25","guid":{"rendered":"http:\/\/blog.xarxa-omnia.org\/laseu\/?p=1346"},"modified":"2014-10-02T08:51:23","modified_gmt":"2014-10-02T07:51:23","slug":"pla-educatiu-dentorn","status":"publish","type":"post","link":"https:\/\/bloc.xarxa-omnia.org\/laseu\/2014\/09\/18\/pla-educatiu-dentorn\/","title":{"rendered":"Pares, coneixeu les xarxes socials?"},"content":{"rendered":"<p>&nbsp;<\/p>\n<p>Aquest trimestre hem programat conjuntament i dins del Pla Educatiu d&#8217;Entorn, un taller de xarxes socials per a pares i mares amb fills de prim\u00e0ria i\u00a0 secund\u00e0ria.<\/p>\n<p>L&#8217;objectiu del curs \u00e9s dotar d&#8217;eines per tal qu\u00e8 siguin capa\u00e7os de con\u00e8ixer millor l&#8217;eina, trucs, seguretat, bloquejos, que es pot fer amb ella i sobretot fer entendre que aquesta eina no \u00e9s nom\u00e9s una eina de comunicaci\u00f3, sin\u00f3 que cada vegada m\u00e9s \u00e9s una eina de presentaci\u00f3, una eina de prospecci\u00f3, un recurs que ens pot anar b\u00e9 per exemple per trobar feina. La demanda feta pels pares a les escoles i les Ampes va fer que el programessin.<\/p>\n<p>Si est\u00e0s interessat\/da les inscripcions s\u00f3n a l&#8217;Oac (Oficina d&#8217;Atenci\u00f3 al Ciutad\u00e0) a partir del 29 de setembre fins al 3 d&#8217;octubre, a partir de les 9 de mat\u00ed!!<\/p>\n<p><strong><span style=\"color: #ff0000\">Anima&#8217;t<\/span><\/strong>!<\/p>\n<p><a href=\"http:\/\/xarxaomnia.gencat.cat\/blocs\/laseu\/files\/2014\/09\/cartell-setembre1.jpg\"><img loading=\"lazy\" decoding=\"async\" class=\"alignnone size-medium wp-image-1354\" alt=\"cartell setembre\" src=\"http:\/\/xarxaomnia.gencat.cat\/blocs\/laseu\/files\/2014\/09\/cartell-setembre1-211x300.jpg\" width=\"211\" height=\"300\" srcset=\"https:\/\/bloc.xarxa-omnia.org\/laseu\/files\/2014\/09\/cartell-setembre1-211x300.jpg 211w, https:\/\/bloc.xarxa-omnia.org\/laseu\/files\/2014\/09\/cartell-setembre1-723x1024.jpg 723w, https:\/\/bloc.xarxa-omnia.org\/laseu\/files\/2014\/09\/cartell-setembre1.jpg 826w\" sizes=\"auto, (max-width: 211px) 100vw, 211px\" \/><\/a><\/p>\n<p>&nbsp;<\/p>\n<p>&nbsp;<\/p>\n<p>&nbsp;<\/p>\n<p>&nbsp;<\/p>\n","protected":false},"excerpt":{"rendered":"<p>&nbsp; Aquest trimestre hem programat conjuntament i dins del Pla Educatiu d&#8217;Entorn, un taller de xarxes socials per a pares i mares amb fills de prim\u00e0ria i\u00a0 secund\u00e0ria. L&#8217;objectiu del curs \u00e9s dotar d&#8217;eines per tal qu\u00e8 siguin capa\u00e7os de con\u00e8ixer millor l&#8217;eina, trucs, seguretat, bloquejos, que es pot fer amb ella i sobretot fer [&hellip;]<\/p>\n","protected":false},"author":92,"featured_media":0,"comment_status":"open","ping_status":"open","sticky":false,"template":"","format":"standard","meta":{"ngg_post_thumbnail":0,"footnotes":""},"categories":[1],"tags":[],"class_list":["post-1346","post","type-post","status-publish","format-standard","hentry","category-general"],"_links":{"self":[{"href":"https:\/\/bloc.xarxa-omnia.org\/laseu\/wp-json\/wp\/v2\/posts\/1346","targetHints":{"allow":["GET"]}}],"collection":[{"href":"https:\/\/bloc.xarxa-omnia.org\/laseu\/wp-json\/wp\/v2\/posts"}],"about":[{"href":"https:\/\/bloc.xarxa-omnia.org\/laseu\/wp-json\/wp\/v2\/types\/post"}],"author":[{"embeddable":true,"href":"https:\/\/bloc.xarxa-omnia.org\/laseu\/wp-json\/wp\/v2\/users\/92"}],"replies":[{"embeddable":true,"href":"https:\/\/bloc.xarxa-omnia.org\/laseu\/wp-json\/wp\/v2\/comments?post=1346"}],"version-history":[{"count":5,"href":"https:\/\/bloc.xarxa-omnia.org\/laseu\/wp-json\/wp\/v2\/posts\/1346\/revisions"}],"predecessor-version":[{"id":1355,"href":"https:\/\/bloc.xarxa-omnia.org\/laseu\/wp-json\/wp\/v2\/posts\/1346\/revisions\/1355"}],"wp:attachment":[{"href":"https:\/\/bloc.xarxa-omnia.org\/laseu\/wp-json\/wp\/v2\/media?parent=1346"}],"wp:term":[{"taxonomy":"category","embeddable":true,"href":"https:\/\/bloc.xarxa-omnia.org\/laseu\/wp-json\/wp\/v2\/categories?post=1346"},{"taxonomy":"post_tag","embeddable":true,"href":"https:\/\/bloc.xarxa-omnia.org\/laseu\/wp-json\/wp\/v2\/tags?post=1346"}],"curies":[{"name":"wp","href":"https:\/\/api.w.org\/{rel}","templated":true}]}}