{"id":1381,"date":"2015-04-01T14:47:15","date_gmt":"2015-04-01T13:47:15","guid":{"rendered":"http:\/\/blog.xarxa-omnia.org\/laseu\/?p=1381"},"modified":"2015-04-01T14:47:15","modified_gmt":"2015-04-01T13:47:15","slug":"omniakids","status":"publish","type":"post","link":"https:\/\/bloc.xarxa-omnia.org\/laseu\/2015\/04\/01\/omniakids\/","title":{"rendered":"OmniaKids"},"content":{"rendered":"<p>A l&#8217;abril comen\u00e7a a l&#8217;\u00d2mnia del Pirineu un nou projecte amb infants, nens i nenes del 5 als 8 anys.<\/p>\n<p>La Convenci\u00f3 sobre els Drets dels Infants de les Nacions Unides, en el seu article 31,<br \/>\ndeixa pal\u00e8s que l\u2019infant t\u00e9 dret a l\u2019esbarjo, al joc i a participar en activitats art\u00edstiques,<br \/>\nculturals i l\u00fadiques, dret que \u00e9s de compliment obligat per tots els pa\u00efsos que l\u2019han<br \/>\nratificat.<br \/>\nArticle 31<br \/>\n1. Els Estats membres reconeixen el dret de l&#8217;infant al descans i a l&#8217;esplai, al<br \/>\njoc i a les activitats d&#8217;esbarjo adequades a la seva edat, i a participar lliurement<br \/>\nen la vida cultural i les arts.<br \/>\n2. Els Estats membres han de respectar i promoure el dret de l&#8217;infant a<br \/>\nparticipar plenament en la vida cultural i art\u00edstica i han d&#8217;afavorir oportunitats de<br \/>\nparticipaci\u00f3 en activitats culturals, art\u00edstiques, recreatives i d&#8217;esplai.<br \/>\nA aix\u00f2 cal sumar-hi que la Convenci\u00f3 sobre els Drets de les persones amb discapacitat<br \/>\nespecifica clarament que els infants amb discapacitat han de gaudir dels mateixos<br \/>\ndrets d\u2019inclusi\u00f3, d\u2019oportunitats i d\u2019educaci\u00f3 en tots els \u00e0mbits, tamb\u00e9 el de l\u2019educaci\u00f3<br \/>\nen tots els seus nivells, com el no formal d\u2019oci i temps de lleure, cas que ens ocupa en<br \/>\naquest projecte.<br \/>\nAtenent que la inform\u00e0tica i les noves tecnologies s\u00f3n, avui dia, una eina potent i<br \/>\natractiva pels infants, creiem que una activitat dirigida per una persona amb especial<br \/>\nsensibilitat per la inf\u00e0ncia i amb capacitat docent per la inform\u00e0tica, podria ajudar a<br \/>\nmillorar els aspectes relacionals, comunicatiu i d\u2019inclusi\u00f3 i integraci\u00f3 social de dits<br \/>\ninfants.<\/p>\n<p><a href=\"http:\/\/xarxaomnia.gencat.cat\/blocs\/laseu\/files\/2015\/04\/playmobil-logo.gif\"><img loading=\"lazy\" decoding=\"async\" class=\"alignnone size-medium wp-image-1382\" src=\"http:\/\/xarxaomnia.gencat.cat\/blocs\/laseu\/files\/2015\/04\/playmobil-logo-300x136.gif\" alt=\"playmobil logo\" width=\"300\" height=\"136\" srcset=\"https:\/\/bloc.xarxa-omnia.org\/laseu\/files\/2015\/04\/playmobil-logo-300x136.gif 300w, https:\/\/bloc.xarxa-omnia.org\/laseu\/files\/2015\/04\/playmobil-logo-1024x464.gif 1024w\" sizes=\"auto, (max-width: 300px) 100vw, 300px\" \/><\/a><\/p>\n<p>&nbsp;<\/p>\n<p>&nbsp;<\/p>\n","protected":false},"excerpt":{"rendered":"<p>A l&#8217;abril comen\u00e7a a l&#8217;\u00d2mnia del Pirineu un nou projecte amb infants, nens i nenes del 5 als 8 anys. La Convenci\u00f3 sobre els Drets dels Infants de les Nacions Unides, en el seu article 31, deixa pal\u00e8s que l\u2019infant t\u00e9 dret a l\u2019esbarjo, al joc i a participar en activitats art\u00edstiques, culturals i l\u00fadiques, [&hellip;]<\/p>\n","protected":false},"author":92,"featured_media":0,"comment_status":"open","ping_status":"open","sticky":false,"template":"","format":"standard","meta":{"ngg_post_thumbnail":0,"footnotes":""},"categories":[1],"tags":[],"class_list":["post-1381","post","type-post","status-publish","format-standard","hentry","category-general"],"_links":{"self":[{"href":"https:\/\/bloc.xarxa-omnia.org\/laseu\/wp-json\/wp\/v2\/posts\/1381","targetHints":{"allow":["GET"]}}],"collection":[{"href":"https:\/\/bloc.xarxa-omnia.org\/laseu\/wp-json\/wp\/v2\/posts"}],"about":[{"href":"https:\/\/bloc.xarxa-omnia.org\/laseu\/wp-json\/wp\/v2\/types\/post"}],"author":[{"embeddable":true,"href":"https:\/\/bloc.xarxa-omnia.org\/laseu\/wp-json\/wp\/v2\/users\/92"}],"replies":[{"embeddable":true,"href":"https:\/\/bloc.xarxa-omnia.org\/laseu\/wp-json\/wp\/v2\/comments?post=1381"}],"version-history":[{"count":1,"href":"https:\/\/bloc.xarxa-omnia.org\/laseu\/wp-json\/wp\/v2\/posts\/1381\/revisions"}],"predecessor-version":[{"id":1383,"href":"https:\/\/bloc.xarxa-omnia.org\/laseu\/wp-json\/wp\/v2\/posts\/1381\/revisions\/1383"}],"wp:attachment":[{"href":"https:\/\/bloc.xarxa-omnia.org\/laseu\/wp-json\/wp\/v2\/media?parent=1381"}],"wp:term":[{"taxonomy":"category","embeddable":true,"href":"https:\/\/bloc.xarxa-omnia.org\/laseu\/wp-json\/wp\/v2\/categories?post=1381"},{"taxonomy":"post_tag","embeddable":true,"href":"https:\/\/bloc.xarxa-omnia.org\/laseu\/wp-json\/wp\/v2\/tags?post=1381"}],"curies":[{"name":"wp","href":"https:\/\/api.w.org\/{rel}","templated":true}]}}