{"id":1384,"date":"2015-04-02T13:55:50","date_gmt":"2015-04-02T12:55:50","guid":{"rendered":"http:\/\/blog.xarxa-omnia.org\/laseu\/?p=1384"},"modified":"2015-04-02T14:27:53","modified_gmt":"2015-04-02T13:27:53","slug":"vols-fer-un-taller-en-competencies-digitals","status":"publish","type":"post","link":"https:\/\/bloc.xarxa-omnia.org\/laseu\/2015\/04\/02\/vols-fer-un-taller-en-competencies-digitals\/","title":{"rendered":"Vols fer un taller en compet\u00e8ncies digitals?"},"content":{"rendered":"<p>Hem fet una nova programaci\u00f3 de cara a l&#8217;\u00faltim trimestre absns de que arribi l&#8217;estiu.<\/p>\n<p>En aquesta nova tanda de tallers i formacions hi troben una mica de tot, des de xarxes socials, retoc d&#8217;imatge amb pixrl, tauletes i samrtphones&#8230;, tot programat i preparat per les noves inscripcions.<\/p>\n<p>Com sempre recordeu que teniu dues maneres de fer aquestes inscripcions<\/p>\n<p><strong>Telem\u00e0ticament<\/strong> dies 13 i 14 d&#8217;abril a trav\u00e9s de l&#8217;enlla\u00e7 <a href=\"http:\/\/www.laseu.cat\/serveis\/oac%20\">www.laseu.cat\/serveis\/oac <\/a><\/p>\n<p><strong>Presencialment<\/strong> dies 16 i 17 d&#8217;abril a l&#8217;Oac ( Oficina d&#8217;atenci\u00f3 al Ciutad\u00e0) , totes dues a partir de les 9 del mat\u00ed.<\/p>\n<p>Tallers programats ( per m\u00e9s informaci\u00f3 podeu mirar el cartell adjunt)<\/p>\n<p><strong>Dilluns<\/strong><\/p>\n<p><strong>10 a 11h-<\/strong> Correspond\u00e8ncia digital\u00a0\u00a0\u00a0\u00a0\u00a0\u00a0\u00a0\u00a0\u00a0\u00a0\u00a0\u00a0\u00a0\u00a0\u00a0\u00a0\u00a0\u00a0\u00a0<strong>\u00a0\u00a0\u00a0<\/strong><\/p>\n<p><strong>11 a 12h-<\/strong> I tu com navegues?\u00a0\u00a0\u00a0\u00a0\u00a0\u00a0\u00a0\u00a0\u00a0\u00a0\u00a0\u00a0\u00a0\u00a0\u00a0\u00a0\u00a0\u00a0\u00a0\u00a0\u00a0\u00a0\u00a0\u00a0\u00a0\u00a0\u00a0\u00a0\u00a0\u00a0\u00a0\u00a0\u00a0\u00a0\u00a0\u00a0\u00a0\u00a0\u00a0\u00a0\u00a0\u00a0\u00a0\u00a0\u00a0\u00a0\u00a0\u00a0 \u00a0<strong>\u00a0 \u00a0\u00a0\u00a0\u00a0\u00a0<\/strong><\/p>\n<p><strong>Dimarts<br \/>\n<\/strong><\/p>\n<p><strong>15 a 16h<\/strong>&#8211; Economia Casolana<\/p>\n<p><strong>16 a 17h-<\/strong> Mou-te pel m\u00f2bil<\/p>\n<p><strong>Dimecres <\/strong><\/p>\n<p><strong>11 a 12h &#8211;<\/strong> Tauletes t\u00e0ctils<\/p>\n<p><strong>16 a 17h-<\/strong> Prezi<\/p>\n<p><strong>Dijous de 10 a 11h-<\/strong> Pixrl express<\/p>\n<p><strong>Divendres<\/strong><\/p>\n<p><strong>10 a 11h<\/strong>&#8211; En un n\u00favol<\/p>\n<p><strong>11 a 12h<\/strong>&#8211; Fes xarxa!<\/p>\n<p><a href=\"http:\/\/xarxaomnia.gencat.cat\/blocs\/laseu\/files\/2015\/04\/Abril-juny-2015.jpg\"><img loading=\"lazy\" decoding=\"async\" class=\"alignright wp-image-1386 size-medium\" src=\"http:\/\/xarxaomnia.gencat.cat\/blocs\/laseu\/files\/2015\/04\/Abril-juny-2015-212x300.jpg\" alt=\"Abril- juny 2015\" width=\"212\" height=\"300\" srcset=\"https:\/\/bloc.xarxa-omnia.org\/laseu\/files\/2015\/04\/Abril-juny-2015-212x300.jpg 212w, https:\/\/bloc.xarxa-omnia.org\/laseu\/files\/2015\/04\/Abril-juny-2015-724x1024.jpg 724w, https:\/\/bloc.xarxa-omnia.org\/laseu\/files\/2015\/04\/Abril-juny-2015.jpg 1169w\" sizes=\"auto, (max-width: 212px) 100vw, 212px\" \/><\/a><\/p>\n<p>&nbsp;<\/p>\n","protected":false},"excerpt":{"rendered":"<p>Hem fet una nova programaci\u00f3 de cara a l&#8217;\u00faltim trimestre absns de que arribi l&#8217;estiu. En aquesta nova tanda de tallers i formacions hi troben una mica de tot, des de xarxes socials, retoc d&#8217;imatge amb pixrl, tauletes i samrtphones&#8230;, tot programat i preparat per les noves inscripcions. Com sempre recordeu que teniu dues maneres [&hellip;]<\/p>\n","protected":false},"author":92,"featured_media":0,"comment_status":"open","ping_status":"open","sticky":false,"template":"","format":"standard","meta":{"ngg_post_thumbnail":0,"footnotes":""},"categories":[1],"tags":[],"class_list":["post-1384","post","type-post","status-publish","format-standard","hentry","category-general"],"_links":{"self":[{"href":"https:\/\/bloc.xarxa-omnia.org\/laseu\/wp-json\/wp\/v2\/posts\/1384","targetHints":{"allow":["GET"]}}],"collection":[{"href":"https:\/\/bloc.xarxa-omnia.org\/laseu\/wp-json\/wp\/v2\/posts"}],"about":[{"href":"https:\/\/bloc.xarxa-omnia.org\/laseu\/wp-json\/wp\/v2\/types\/post"}],"author":[{"embeddable":true,"href":"https:\/\/bloc.xarxa-omnia.org\/laseu\/wp-json\/wp\/v2\/users\/92"}],"replies":[{"embeddable":true,"href":"https:\/\/bloc.xarxa-omnia.org\/laseu\/wp-json\/wp\/v2\/comments?post=1384"}],"version-history":[{"count":4,"href":"https:\/\/bloc.xarxa-omnia.org\/laseu\/wp-json\/wp\/v2\/posts\/1384\/revisions"}],"predecessor-version":[{"id":1390,"href":"https:\/\/bloc.xarxa-omnia.org\/laseu\/wp-json\/wp\/v2\/posts\/1384\/revisions\/1390"}],"wp:attachment":[{"href":"https:\/\/bloc.xarxa-omnia.org\/laseu\/wp-json\/wp\/v2\/media?parent=1384"}],"wp:term":[{"taxonomy":"category","embeddable":true,"href":"https:\/\/bloc.xarxa-omnia.org\/laseu\/wp-json\/wp\/v2\/categories?post=1384"},{"taxonomy":"post_tag","embeddable":true,"href":"https:\/\/bloc.xarxa-omnia.org\/laseu\/wp-json\/wp\/v2\/tags?post=1384"}],"curies":[{"name":"wp","href":"https:\/\/api.w.org\/{rel}","templated":true}]}}